{"id":77270,"date":"2021-06-09T15:12:48","date_gmt":"2021-06-09T18:12:48","guid":{"rendered":"https:\/\/tvtecjundiai.com.br\/news\/?p=77270"},"modified":"2021-06-09T15:12:48","modified_gmt":"2021-06-09T18:12:48","slug":"dae-realiza-limpeza-no-reservatorio-do-fazenda-grande-nesta-quinta-feira-10","status":"publish","type":"post","link":"https:\/\/tvtecjundiai.com.br\/news\/2021\/06\/09\/dae-realiza-limpeza-no-reservatorio-do-fazenda-grande-nesta-quinta-feira-10\/","title":{"rendered":"DAE realiza limpeza no reservat\u00f3rio do Fazenda Grande, nesta quinta-feira (10)"},"content":{"rendered":"\n<p>A DAE Jundia\u00ed realiza, nesta quinta-feira (10), a limpeza e higieniza\u00e7\u00e3o do reservat\u00f3rio do Fazenda Grande. Em fun\u00e7\u00e3o do servi\u00e7o, o abastecimento poder\u00e1 ser afetado no bairro das 5h30 \u00e0s 20 horas.<\/p>\n\n\n\n<p>Segundo recomenda\u00e7\u00f5es da Associa\u00e7\u00e3o Brasileira de Normas T\u00e9cnicas, \u00e9 importante que toda constru\u00e7\u00e3o mantenha uma reserva m\u00ednima de 250 litros de \u00e1gua por morador, por dia, para evitar transtornos no abastecimento durante interrup\u00e7\u00f5es no fornecimento.<\/p>\n\n\n\n<figure class=\"wp-block-image size-large\"><img loading=\"lazy\" decoding=\"async\" width=\"1150\" height=\"767\" src=\"https:\/\/tvtecjundiai.com.br\/news\/wp-content\/uploads\/sites\/2\/2019\/10\/dae-fazgra-industrial.jpg\" alt=\"\" class=\"wp-image-39466\" srcset=\"https:\/\/tvtecjundiai.com.br\/news\/wp-content\/uploads\/sites\/2\/2019\/10\/dae-fazgra-industrial.jpg 1150w, https:\/\/tvtecjundiai.com.br\/news\/wp-content\/uploads\/sites\/2\/2019\/10\/dae-fazgra-industrial-300x200.jpg 300w, https:\/\/tvtecjundiai.com.br\/news\/wp-content\/uploads\/sites\/2\/2019\/10\/dae-fazgra-industrial-768x512.jpg 768w\" sizes=\"auto, (max-width: 1150px) 100vw, 1150px\" \/><\/figure>\n\n\n\n<p>Em caso de d\u00favidas, os mun\u00edcipes podem entrar em contato com a Central de Relacionamento da DAE, pelo telefone 08000 133 155. A liga\u00e7\u00e3o \u00e9 gratuita e o atendimento 24 horas.<\/p>\n\n\n\n<p><em>(Texto: Assessoria de Imprensa\/Foto: TVTEC)<\/em><\/p>\n","protected":false},"excerpt":{"rendered":"<p>Em fun\u00e7\u00e3o do servi\u00e7o, o abastecimento poder\u00e1 ser afetado no bairro das 5h30 \u00e0s 20 horas<\/p>\n","protected":false},"author":28,"featured_media":39466,"comment_status":"closed","ping_status":"closed","sticky":false,"template":"","format":"standard","meta":{"footnotes":""},"categories":[1],"tags":[],"class_list":["post-77270","post","type-post","status-publish","format-standard","has-post-thumbnail","hentry","category-noticias"],"_links":{"self":[{"href":"https:\/\/tvtecjundiai.com.br\/news\/wp-json\/wp\/v2\/posts\/77270","targetHints":{"allow":["GET"]}}],"collection":[{"href":"https:\/\/tvtecjundiai.com.br\/news\/wp-json\/wp\/v2\/posts"}],"about":[{"href":"https:\/\/tvtecjundiai.com.br\/news\/wp-json\/wp\/v2\/types\/post"}],"author":[{"embeddable":true,"href":"https:\/\/tvtecjundiai.com.br\/news\/wp-json\/wp\/v2\/users\/28"}],"replies":[{"embeddable":true,"href":"https:\/\/tvtecjundiai.com.br\/news\/wp-json\/wp\/v2\/comments?post=77270"}],"version-history":[{"count":2,"href":"https:\/\/tvtecjundiai.com.br\/news\/wp-json\/wp\/v2\/posts\/77270\/revisions"}],"predecessor-version":[{"id":77295,"href":"https:\/\/tvtecjundiai.com.br\/news\/wp-json\/wp\/v2\/posts\/77270\/revisions\/77295"}],"wp:featuredmedia":[{"embeddable":true,"href":"https:\/\/tvtecjundiai.com.br\/news\/wp-json\/wp\/v2\/media\/39466"}],"wp:attachment":[{"href":"https:\/\/tvtecjundiai.com.br\/news\/wp-json\/wp\/v2\/media?parent=77270"}],"wp:term":[{"taxonomy":"category","embeddable":true,"href":"https:\/\/tvtecjundiai.com.br\/news\/wp-json\/wp\/v2\/categories?post=77270"},{"taxonomy":"post_tag","embeddable":true,"href":"https:\/\/tvtecjundiai.com.br\/news\/wp-json\/wp\/v2\/tags?post=77270"}],"curies":[{"name":"wp","href":"https:\/\/api.w.org\/{rel}","templated":true}]}}