{"id":77276,"date":"2021-06-09T16:01:03","date_gmt":"2021-06-09T19:01:03","guid":{"rendered":"https:\/\/tvtecjundiai.com.br\/news\/?p=77276"},"modified":"2021-06-09T16:01:03","modified_gmt":"2021-06-09T19:01:03","slug":"como-assistir-ao-eclipse-solar-do-anel-de-fogo-desta-quinta-feira-10","status":"publish","type":"post","link":"https:\/\/tvtecjundiai.com.br\/news\/2021\/06\/09\/como-assistir-ao-eclipse-solar-do-anel-de-fogo-desta-quinta-feira-10\/","title":{"rendered":"Como assistir ao eclipse solar do \u201canel de fogo\u201d desta quinta-feira (10)"},"content":{"rendered":"\n<p>Nesta quinta-feira (10) ocorrer\u00e1 um \u201ceclipse anular\u201d do Sol, fen\u00f4meno que por alguns minutos produz um belo \u201canel de fogo\u201d no c\u00e9u, resultado da oculta\u00e7\u00e3o parcial do disco solar pela Lua passando entre n\u00f3s e nossa estrela.<\/p>\n\n\n\n<p>Infelizmente, a faixa de totalidade \u00e9 bem pequena. O eclipse anular s\u00f3 ser\u00e1 visto do norte do Canad\u00e1 ao Leste da Sib\u00e9ria, passando pela Groel\u00e2ndia e pelo Mar \u00c1rtico. Grandes cidades do hemisf\u00e9rio norte, como Chicago, Nova York, Toronto, Boston, Paris, Londres, Berlim, Estocolmo e Moscou, poder\u00e3o observar apenas um eclipse parcial a olho nu.<\/p>\n\n\n\n<p>Mas isso n\u00e3o quer dizer que n\u00f3s, brasileiros, vamos ficar de fora. Poderemos acompanhar o eclipse atrav\u00e9s de transmiss\u00f5es online gratuitas, assim como fizemos com o eclipse lunar que, semanas atr\u00e1s, se seguiu \u00e0 \u201csuperlua de sangue\u201c.<\/p>\n\n\n\n<p>Uma das transmiss\u00f5es \u00e9 a do Virtual Telescope Project, que vai come\u00e7ar \u00e0s 6h30 (hor\u00e1rio de Bras\u00edlia) da quinta-feira. O v\u00eddeo poder\u00e1 ser visto no site do projeto, ou tamb\u00e9m em seu canal no YouTube. Para facilitar, colocamos o v\u00eddeo logo abaixo. \u00c9 s\u00f3 \u201cdar play\u201d na hora do eclipse e aproveitar.<\/p>\n\n\n\n<p>Outra transmiss\u00e3o \u00e9 a do site Time and Date, que come\u00e7a um pouco mais cedo: \u00e0s 6h (hor\u00e1rio de Bras\u00edlia). O ponto m\u00e1ximo do eclipse, quando o \u201canel de fogo\u201d surge no c\u00e9u, deve ocorrer as 7h41.<\/p>\n\n\n\n<figure class=\"wp-block-image size-large\"><img loading=\"lazy\" decoding=\"async\" width=\"1200\" height=\"675\" src=\"https:\/\/tvtecjundiai.com.br\/news\/wp-content\/uploads\/sites\/2\/2019\/07\/solar-eclipse-1482921_1280-1200x675.jpg\" alt=\"\" class=\"wp-image-33638\" srcset=\"https:\/\/tvtecjundiai.com.br\/news\/wp-content\/uploads\/sites\/2\/2019\/07\/solar-eclipse-1482921_1280-1200x675.jpg 1200w, https:\/\/tvtecjundiai.com.br\/news\/wp-content\/uploads\/sites\/2\/2019\/07\/solar-eclipse-1482921_1280-300x169.jpg 300w, https:\/\/tvtecjundiai.com.br\/news\/wp-content\/uploads\/sites\/2\/2019\/07\/solar-eclipse-1482921_1280-768x432.jpg 768w, https:\/\/tvtecjundiai.com.br\/news\/wp-content\/uploads\/sites\/2\/2019\/07\/solar-eclipse-1482921_1280.jpg 1280w\" sizes=\"auto, (max-width: 1200px) 100vw, 1200px\" \/><\/figure>\n\n\n\n<p><strong>O que \u00e9 um eclipse anular do Sol?<\/strong><br>Um eclipse ocorre quando um astro oculta outro. Durante um eclipse lunar, por exemplo, a Terra se coloca entre o Sol e a Lua. A sombra de nosso planeta projetada sobre a Lua faz com parte (eclipse parcial) ou toda ela (eclipse total), \u201cdesapare\u00e7a\u201d por alguns minutos. Isto \u00e9 um eclipse.<\/p>\n\n\n\n<p>Durante um eclipse solar, os pap\u00e9is se invertem. \u00c9 a Lua que fica entre o Sol e a Terra, ocultando nossa estrela. Mas uma peculiariedade na \u00f3rbita Lunar gera um terceiro tipo de eclipse, o anular.<\/p>\n\n\n\n<p>A \u00f3rbita da Lua ao redor de nosso planeta \u00e9 el\u00edptica, e a dist\u00e2ncia entre ela e n\u00f3s varia ao longo do tempo. No ponto mais pr\u00f3ximo, o Perigeu, a Lua fica a 362.600 km de n\u00f3s. Mas no ponto mais distante, o Apogeu, ela est\u00e1 a 405.400 km.<\/p>\n\n\n\n<p>\u00c9 uma diferen\u00e7a de 42.800 km, que faz com que seu tamanho aparente no c\u00e9u mude. Por exemplo, uma \u201csuperlua\u201d \u00e9 uma lua cheia que ocorre durante o Perigeu, fazendo com que ela pare\u00e7a maior do que de costume no c\u00e9u.<\/p>\n\n\n\n<p>J\u00e1 durante o Apogeu, a Lua parece menor. E se um eclipse solar ocorrer neste, ou pr\u00f3ximo a este, momento, ela n\u00e3o \u00e9 \u201cgrande\u201d o bastante para cobrir todo o disco solar: uma parte de nossa estrela continua vis\u00edvel atr\u00e1s dela, produzindo o \u201canel de fogo\u201d no c\u00e9u. \u00c9 um eclipse anular do Sol.<\/p>\n\n\n\n<p>O eclipse anular desta quinta-feira ser\u00e1 o \u00faltimo de seu tipo, e pen\u00faltimo em geral, neste ano. Teremos um eclipse total em 4 de dezembro, mas que infelizmente s\u00f3 ser\u00e1 vis\u00edvel em sua totalidade por quem estiver no extremo sul do planeta, incluindo as Ilhas Malvinas, no Oceano Atl\u00e2ntico, e a Ant\u00e1rtica.<\/p>\n\n\n\n<p><em>(Texto: Olhar Digital\/Imagem: TVTEC) <\/em><\/p>\n","protected":false},"excerpt":{"rendered":"<p>O eclipse n\u00e3o ser\u00e1 vis\u00edvel a olho nu no Brasil, mas \u00e9 poss\u00edvel acompanhar atrav\u00e9s de transmiss\u00f5es online<\/p>\n","protected":false},"author":28,"featured_media":33638,"comment_status":"closed","ping_status":"closed","sticky":false,"template":"","format":"standard","meta":{"footnotes":""},"categories":[1],"tags":[],"class_list":["post-77276","post","type-post","status-publish","format-standard","has-post-thumbnail","hentry","category-noticias"],"_links":{"self":[{"href":"https:\/\/tvtecjundiai.com.br\/news\/wp-json\/wp\/v2\/posts\/77276","targetHints":{"allow":["GET"]}}],"collection":[{"href":"https:\/\/tvtecjundiai.com.br\/news\/wp-json\/wp\/v2\/posts"}],"about":[{"href":"https:\/\/tvtecjundiai.com.br\/news\/wp-json\/wp\/v2\/types\/post"}],"author":[{"embeddable":true,"href":"https:\/\/tvtecjundiai.com.br\/news\/wp-json\/wp\/v2\/users\/28"}],"replies":[{"embeddable":true,"href":"https:\/\/tvtecjundiai.com.br\/news\/wp-json\/wp\/v2\/comments?post=77276"}],"version-history":[{"count":3,"href":"https:\/\/tvtecjundiai.com.br\/news\/wp-json\/wp\/v2\/posts\/77276\/revisions"}],"predecessor-version":[{"id":77301,"href":"https:\/\/tvtecjundiai.com.br\/news\/wp-json\/wp\/v2\/posts\/77276\/revisions\/77301"}],"wp:featuredmedia":[{"embeddable":true,"href":"https:\/\/tvtecjundiai.com.br\/news\/wp-json\/wp\/v2\/media\/33638"}],"wp:attachment":[{"href":"https:\/\/tvtecjundiai.com.br\/news\/wp-json\/wp\/v2\/media?parent=77276"}],"wp:term":[{"taxonomy":"category","embeddable":true,"href":"https:\/\/tvtecjundiai.com.br\/news\/wp-json\/wp\/v2\/categories?post=77276"},{"taxonomy":"post_tag","embeddable":true,"href":"https:\/\/tvtecjundiai.com.br\/news\/wp-json\/wp\/v2\/tags?post=77276"}],"curies":[{"name":"wp","href":"https:\/\/api.w.org\/{rel}","templated":true}]}}