{"id":77282,"date":"2021-06-09T14:45:28","date_gmt":"2021-06-09T17:45:28","guid":{"rendered":"https:\/\/tvtecjundiai.com.br\/news\/?p=77282"},"modified":"2021-06-09T16:03:04","modified_gmt":"2021-06-09T19:03:04","slug":"alunos-que-ajudaram-no-projeto-visitam-obras-da-emeb-candelario-2","status":"publish","type":"post","link":"https:\/\/tvtecjundiai.com.br\/news\/2021\/06\/09\/alunos-que-ajudaram-no-projeto-visitam-obras-da-emeb-candelario-2\/","title":{"rendered":"Alunos que ajudaram no projeto visitam obras da EMEB Candel\u00e1rio"},"content":{"rendered":"\n<p>Com o olhar atento e a curiosidade agu\u00e7ada, alunos da EMEB Professor Joaquim Candel\u00e1rio de Freitas visitaram, acompanhados do prefeito Luiz Fernando Machado e da gestora de Educa\u00e7\u00e3o, Vast\u00ed Ferrari Marques, as obras do espa\u00e7o que abrigar\u00e1 a maior Escola Inovadora de Jundia\u00ed, na Vila Hortol\u00e2ndia.&nbsp;<\/p>\n\n\n\n<p>Em 2018, ap\u00f3s uma forte chuva, o pr\u00e9dio da escola n\u00e3o resistiu, resultando na queda de muro e trincas em banheiros e salas de aula. \u201cEm Jundia\u00ed, n\u00f3s priorizamos a Educa\u00e7\u00e3o. Ap\u00f3s as chuvas de 2018, entendemos que n\u00e3o era suficiente reformar o antigo pr\u00e9dio da escola, mas, sim, construir um novo. O projeto teve a participa\u00e7\u00e3o da comunidade, que fez sugest\u00f5es para dar forma \u00e0 maior unidade da Escola Inovadora de Jundia\u00ed\u201d, explicou Luiz Fernando.<\/p>\n\n\n\n<figure class=\"wp-block-image size-large\"><img loading=\"lazy\" decoding=\"async\" width=\"1200\" height=\"800\" src=\"https:\/\/tvtecjundiai.com.br\/news\/wp-content\/uploads\/sites\/2\/2021\/06\/prefeito_visita_obra_emeb_candelario-29-1200x800.jpg\" alt=\"\" class=\"wp-image-77283\" srcset=\"https:\/\/tvtecjundiai.com.br\/news\/wp-content\/uploads\/sites\/2\/2021\/06\/prefeito_visita_obra_emeb_candelario-29-1200x800.jpg 1200w, https:\/\/tvtecjundiai.com.br\/news\/wp-content\/uploads\/sites\/2\/2021\/06\/prefeito_visita_obra_emeb_candelario-29-300x200.jpg 300w, https:\/\/tvtecjundiai.com.br\/news\/wp-content\/uploads\/sites\/2\/2021\/06\/prefeito_visita_obra_emeb_candelario-29-768x512.jpg 768w, https:\/\/tvtecjundiai.com.br\/news\/wp-content\/uploads\/sites\/2\/2021\/06\/prefeito_visita_obra_emeb_candelario-29.jpg 1280w\" sizes=\"auto, (max-width: 1200px) 100vw, 1200px\" \/><figcaption>Prefeito fez a visita \u00e0s obras da maior Escola Inovadora, a EMEB Joaquim Candel\u00e1rio de Freitas, na Vila Hortol\u00e2ndia<\/figcaption><\/figure>\n\n\n\n<p>O projeto da nova escola foi estruturado com base nos pedidos e solicita\u00e7\u00f5es dos pr\u00f3prios alunos e professores, por meio de escuta ativa com o Conselho de Alunos da escola, que foi respons\u00e1vel por comunicar o desejo de todos.&nbsp;<\/p>\n\n\n\n<p>Ao receber as crian\u00e7as, o prefeito perguntou se elas lembravam quais os pedidos que tinham feito. A aluna Anny Elise Colombo Bombardi logo falou \u201ceu pedi um banheiro bem colorido\u201d.&nbsp; Desejo que ser\u00e1 realizado quando o pr\u00e9dio come\u00e7ar a receber a pintura final. Anny estava acompanhada da irm\u00e3, Kamilly, que tamb\u00e9m \u00e9 aluna da escola e da m\u00e3e Eliana Bombardi, que comentou sobre a participa\u00e7\u00e3o das filhas no projeto. \u201c\u00c9 gratificante poder visitar a obra e principalmente saber que elas participaram desse momento e que o pr\u00e9dio est\u00e1 ficando como as crian\u00e7as pediram. Estamos felizes, pois meu esposo, Gunter, tamb\u00e9m estudou no pr\u00e9dio no Candel\u00e1rio quando era crian\u00e7a\u201d, contou.<\/p>\n\n\n\n<p>Julia Vitoria da Silva Pafumi estava com o av\u00f4, Ad\u00e3o Pafumi, que aos 78 anos contou para o prefeito que trabalhou nas obras para a constru\u00e7\u00e3o do antigo pr\u00e9dio. \u201cEu trabalhei na obra da antiga escola, meus filhos estudaram aqui e agora a minha neta. Estou feliz em estar aqui hoje\u201d, contou.&nbsp;<\/p>\n\n\n\n<figure class=\"wp-block-image size-large\"><img loading=\"lazy\" decoding=\"async\" width=\"1200\" height=\"800\" src=\"https:\/\/tvtecjundiai.com.br\/news\/wp-content\/uploads\/sites\/2\/2021\/06\/prefeito_visita_obra_emeb_candelario-142-1200x800.jpg\" alt=\"\" class=\"wp-image-77284\" srcset=\"https:\/\/tvtecjundiai.com.br\/news\/wp-content\/uploads\/sites\/2\/2021\/06\/prefeito_visita_obra_emeb_candelario-142-1200x800.jpg 1200w, https:\/\/tvtecjundiai.com.br\/news\/wp-content\/uploads\/sites\/2\/2021\/06\/prefeito_visita_obra_emeb_candelario-142-300x200.jpg 300w, https:\/\/tvtecjundiai.com.br\/news\/wp-content\/uploads\/sites\/2\/2021\/06\/prefeito_visita_obra_emeb_candelario-142-768x512.jpg 768w, https:\/\/tvtecjundiai.com.br\/news\/wp-content\/uploads\/sites\/2\/2021\/06\/prefeito_visita_obra_emeb_candelario-142.jpg 1280w\" sizes=\"auto, (max-width: 1200px) 100vw, 1200px\" \/><figcaption>Kamilly, Anny e a m\u00e3e Eliana aprovaram a visita \u00e0 obra da escola<\/figcaption><\/figure>\n\n\n\n<p>Quando estiver conclu\u00edda, a EMEB Candel\u00e1rio ser\u00e1 a maior unidade da Escola Inovadora de Jundia\u00ed. S\u00e3o 4,9 mil metros quadrados, em tr\u00eas pavimentos, laborat\u00f3rios, anfiteatro, biblioteca, 20 amplas salas de aula, quadra coberta com medidas oficiais e ambientes com acessibilidade.<\/p>\n\n\n\n<figure class=\"wp-block-image size-large\"><img loading=\"lazy\" decoding=\"async\" width=\"1200\" height=\"800\" src=\"https:\/\/tvtecjundiai.com.br\/news\/wp-content\/uploads\/sites\/2\/2021\/06\/prefeito_visita_obra_emeb_candelario-139-1200x800.jpg\" alt=\"\" class=\"wp-image-77285\" srcset=\"https:\/\/tvtecjundiai.com.br\/news\/wp-content\/uploads\/sites\/2\/2021\/06\/prefeito_visita_obra_emeb_candelario-139-1200x800.jpg 1200w, https:\/\/tvtecjundiai.com.br\/news\/wp-content\/uploads\/sites\/2\/2021\/06\/prefeito_visita_obra_emeb_candelario-139-300x200.jpg 300w, https:\/\/tvtecjundiai.com.br\/news\/wp-content\/uploads\/sites\/2\/2021\/06\/prefeito_visita_obra_emeb_candelario-139-768x512.jpg 768w, https:\/\/tvtecjundiai.com.br\/news\/wp-content\/uploads\/sites\/2\/2021\/06\/prefeito_visita_obra_emeb_candelario-139.jpg 1280w\" sizes=\"auto, (max-width: 1200px) 100vw, 1200px\" \/><figcaption>Julia com o av\u00f4 Ad\u00e3o, que participou da constru\u00e7\u00e3o do antigo pr\u00e9dio da escola<\/figcaption><\/figure>\n\n\n\n<p>A ideia de implantar salas amplas, iluminadas, ventiladas, elevador, rampas para acessibilidade e uma constru\u00e7\u00e3o mais sustent\u00e1vel partiu das crian\u00e7as. \u201cJundia\u00ed \u00e9 a Cidade das Crian\u00e7as e a escuta ativa \u00e9 realizada e praticada. O projeto da EMEB Joaquim Candel\u00e1rio de Freitas contou com a participa\u00e7\u00e3o dos alunos e professores e atendeu aos desejos e necessidades dos nossos meninos e meninas. Hoje \u00e9 a demonstra\u00e7\u00e3o da voz e da vez das crian\u00e7as do Candel\u00e1rio\u201d, declarou a gestora de Educa\u00e7\u00e3o, Vast\u00ed Ferrari Marques.&nbsp;<\/p>\n\n\n\n<p>O investimento na escola \u00e9 de R$ 12 milh\u00f5es. A obra conta com duas contrapartidas de Estudo de Impacto de Vizinhan\u00e7a. \u201cAtendendo aos pedidos das crian\u00e7as, a escola ter\u00e1 sistema de dispositivos sustent\u00e1veis para reuso da \u00e1gua para limpeza da \u00e1rea externa, uso da energia fotovoltaica e aquecimento solar para a \u00e1gua\u201d, lembra o vice-prefeito, Gustavo Martinelli.&nbsp;<\/p>\n\n\n\n<p>Estiveram presentes na visita o gestor de Infraestrutura e Servi\u00e7os P\u00fablicos, Adilson Rosa, o gestor adjunto de Infraestrutura, Ademir Pedro Victor e o presidente da Comiss\u00e3o de Educa\u00e7\u00e3o da C\u00e2mara Municipal de Jundia\u00ed, vereador Douglas Medeiros.<\/p>\n\n\n\n<p><em>(Texto\/Imagens: Prefeitura de Jundia\u00ed)<\/em><\/p>\n","protected":false},"excerpt":{"rendered":"<p>Em 2018, ap\u00f3s uma forte chuva, o pr\u00e9dio da escola n\u00e3o resistiu<\/p>\n","protected":false},"author":28,"featured_media":77284,"comment_status":"closed","ping_status":"closed","sticky":false,"template":"","format":"standard","meta":{"footnotes":""},"categories":[8356,1],"tags":[],"class_list":["post-77282","post","type-post","status-publish","format-standard","has-post-thumbnail","hentry","category-jundiai","category-noticias"],"_links":{"self":[{"href":"https:\/\/tvtecjundiai.com.br\/news\/wp-json\/wp\/v2\/posts\/77282","targetHints":{"allow":["GET"]}}],"collection":[{"href":"https:\/\/tvtecjundiai.com.br\/news\/wp-json\/wp\/v2\/posts"}],"about":[{"href":"https:\/\/tvtecjundiai.com.br\/news\/wp-json\/wp\/v2\/types\/post"}],"author":[{"embeddable":true,"href":"https:\/\/tvtecjundiai.com.br\/news\/wp-json\/wp\/v2\/users\/28"}],"replies":[{"embeddable":true,"href":"https:\/\/tvtecjundiai.com.br\/news\/wp-json\/wp\/v2\/comments?post=77282"}],"version-history":[{"count":2,"href":"https:\/\/tvtecjundiai.com.br\/news\/wp-json\/wp\/v2\/posts\/77282\/revisions"}],"predecessor-version":[{"id":77300,"href":"https:\/\/tvtecjundiai.com.br\/news\/wp-json\/wp\/v2\/posts\/77282\/revisions\/77300"}],"wp:featuredmedia":[{"embeddable":true,"href":"https:\/\/tvtecjundiai.com.br\/news\/wp-json\/wp\/v2\/media\/77284"}],"wp:attachment":[{"href":"https:\/\/tvtecjundiai.com.br\/news\/wp-json\/wp\/v2\/media?parent=77282"}],"wp:term":[{"taxonomy":"category","embeddable":true,"href":"https:\/\/tvtecjundiai.com.br\/news\/wp-json\/wp\/v2\/categories?post=77282"},{"taxonomy":"post_tag","embeddable":true,"href":"https:\/\/tvtecjundiai.com.br\/news\/wp-json\/wp\/v2\/tags?post=77282"}],"curies":[{"name":"wp","href":"https:\/\/api.w.org\/{rel}","templated":true}]}}