{"id":77296,"date":"2021-06-09T15:39:10","date_gmt":"2021-06-09T18:39:10","guid":{"rendered":"https:\/\/tvtecjundiai.com.br\/news\/?p=77296"},"modified":"2021-06-09T15:39:10","modified_gmt":"2021-06-09T18:39:10","slug":"campanha-de-inverno-fundo-social-recebe-doacoes-e-reforcara-noites-frias","status":"publish","type":"post","link":"https:\/\/tvtecjundiai.com.br\/news\/2021\/06\/09\/campanha-de-inverno-fundo-social-recebe-doacoes-e-reforcara-noites-frias\/","title":{"rendered":"Campanha de Inverno: Fundo Social recebe doa\u00e7\u00f5es e refor\u00e7ar\u00e1 \u2018Noites Frias\u2019"},"content":{"rendered":"\n<p>A Campanha de Inverno de Jundia\u00ed recebeu, nesta quarta-feira (09), a doa\u00e7\u00e3o de roupas femininas e masculinas da Igreja de Jesus Cristo dos Santos dos \u00daltimos Dias. A arrecada\u00e7\u00e3o mobilizou, diretamente, cerca de 1.500 pessoas e foi desenvolvida pelo projeto \u201cM\u00e3os que Ajudam\u201d, que neste ano tem como prop\u00f3sito aliviar os impactos causados pela pandemia.<\/p>\n\n\n\n<p>Entre os itens est\u00e3o blusas de frio e cal\u00e7as. A doa\u00e7\u00e3o ser\u00e1 revertida, especificamente, para a Unidade de Gest\u00e3o de Assist\u00eancia e Desenvolvimento Social (UGADS) da Prefeitura de Jundia\u00ed, que promove o projeto \u2018Opera\u00e7\u00e3o Noites Frias\u2019. \u201cUma equipe da Igreja esteve dedicada \u00e0 triagem das doa\u00e7\u00f5es, uma vez que s\u00f3 disponibilizamos as pe\u00e7as em bom estado de conserva\u00e7\u00e3o e que poder\u00e3o, efetivamente, aquecer as pessoas em situa\u00e7\u00e3o de rua\u201d, explicou Silmara Rondon Melo, l\u00edder de Bem-estar e Autossufici\u00eancia da Estaca Jundia\u00ed Brasil.<\/p>\n\n\n\n<figure class=\"wp-block-image size-large\"><img loading=\"lazy\" decoding=\"async\" width=\"1200\" height=\"800\" src=\"https:\/\/tvtecjundiai.com.br\/news\/wp-content\/uploads\/sites\/2\/2021\/06\/funss_maos_que_ajudam-4-1200x800.jpg\" alt=\"\" class=\"wp-image-77297\" srcset=\"https:\/\/tvtecjundiai.com.br\/news\/wp-content\/uploads\/sites\/2\/2021\/06\/funss_maos_que_ajudam-4-1200x800.jpg 1200w, https:\/\/tvtecjundiai.com.br\/news\/wp-content\/uploads\/sites\/2\/2021\/06\/funss_maos_que_ajudam-4-300x200.jpg 300w, https:\/\/tvtecjundiai.com.br\/news\/wp-content\/uploads\/sites\/2\/2021\/06\/funss_maos_que_ajudam-4-768x512.jpg 768w, https:\/\/tvtecjundiai.com.br\/news\/wp-content\/uploads\/sites\/2\/2021\/06\/funss_maos_que_ajudam-4.jpg 1280w\" sizes=\"auto, (max-width: 1200px) 100vw, 1200px\" \/><figcaption>Arrecada\u00e7\u00e3o envolveu, diretamente, 1.500 pessoas por meio do projeto \u201cM\u00e3os que Ajudam\u201d<\/figcaption><\/figure>\n\n\n\n<p>Tamb\u00e9m esteve presente o diretor de Comunica\u00e7\u00e3o da Estaca Jundia\u00ed Brasil Represa, Luciano Basso, que destacou a continuidade da a\u00e7\u00e3o. \u201cPrecisamos, todos, unir for\u00e7as para ajudar. Por isso, j\u00e1 temos programadas doa\u00e7\u00f5es para os pr\u00f3ximos dois meses\u201d, adiantou.<\/p>\n\n\n\n<p>Tamb\u00e9m s\u00e3o beneficiadas com doa\u00e7\u00f5es da Campanha de Inverno as entidades com cadastro atualizado no Fundo Social. S\u00e3o institui\u00e7\u00f5es, igrejas e associa\u00e7\u00f5es de moradores de bairro que assistem crian\u00e7as, jovens, adultos, idosos em vulnerabilidade e pessoas em situa\u00e7\u00e3o de rua.<\/p>\n\n\n\n<figure class=\"wp-block-image size-large\"><img loading=\"lazy\" decoding=\"async\" width=\"1200\" height=\"800\" src=\"https:\/\/tvtecjundiai.com.br\/news\/wp-content\/uploads\/sites\/2\/2021\/06\/funss_maos_que_ajudam-6-1200x800.jpg\" alt=\"\" class=\"wp-image-77298\" srcset=\"https:\/\/tvtecjundiai.com.br\/news\/wp-content\/uploads\/sites\/2\/2021\/06\/funss_maos_que_ajudam-6-1200x800.jpg 1200w, https:\/\/tvtecjundiai.com.br\/news\/wp-content\/uploads\/sites\/2\/2021\/06\/funss_maos_que_ajudam-6-300x200.jpg 300w, https:\/\/tvtecjundiai.com.br\/news\/wp-content\/uploads\/sites\/2\/2021\/06\/funss_maos_que_ajudam-6-768x512.jpg 768w, https:\/\/tvtecjundiai.com.br\/news\/wp-content\/uploads\/sites\/2\/2021\/06\/funss_maos_que_ajudam-6.jpg 1280w\" sizes=\"auto, (max-width: 1200px) 100vw, 1200px\" \/><figcaption>Francine: doa\u00e7\u00f5es s\u00e3o sempre bem-vindas e podem ser entregues no Fundo Social ou nos pontos de arrecada\u00e7\u00e3o<\/figcaption><\/figure>\n\n\n\n<p>\u201cO Fundo Social realiza, h\u00e1 anos, um trabalho consistente voltado \u00e0s entidades. Por isso, toda ajuda \u00e9 bem-vinda\u201d, disse a diretora do Funss, Francine Picardi, representando a presidente, Vanessa Machado.<\/p>\n\n\n\n<p>Os interessados em colaborar com a Campanha de Inverno de Jundia\u00ed podem fazer a doa\u00e7\u00e3o, diretamente, na sede do Fundo Social, que fica localizado no Parque da Uva. O acesso \u00e9 pela avenida Dona Manoela Lacerda de Vergueiro, s\/n, port\u00e3o 03, bairro Anhangaba\u00fa. O funcionamento da unidade \u00e9 de segunda a sexta-feira, das 8h \u00e0s 17h, exceto feriados.<\/p>\n\n\n\n<p>Al\u00e9m disso, a iniciativa tamb\u00e9m conta com postos de arrecada\u00e7\u00e3o distribu\u00eddos por toda a cidade. Os endere\u00e7os participantes est\u00e3o dispon\u00edveis no\u00a0site oficial da Campanha de Inverno de Jundia\u00ed 2021. Informa\u00e7\u00f5es: (11) 4521-2762, 4521-2929 e 4521-6833.<\/p>\n\n\n\n<p><em>(Texto\/Imagem: Prefeitura de Jundia\u00ed)<\/em><\/p>\n","protected":false},"excerpt":{"rendered":"<p>A arrecada\u00e7\u00e3o mobilizou cerca de 1.500 pessoas e foi desenvolvida pelo projeto \u201cM\u00e3os que Ajudam\u201d<\/p>\n","protected":false},"author":28,"featured_media":77298,"comment_status":"closed","ping_status":"closed","sticky":false,"template":"","format":"standard","meta":{"footnotes":""},"categories":[8356,1],"tags":[],"class_list":["post-77296","post","type-post","status-publish","format-standard","has-post-thumbnail","hentry","category-jundiai","category-noticias"],"_links":{"self":[{"href":"https:\/\/tvtecjundiai.com.br\/news\/wp-json\/wp\/v2\/posts\/77296","targetHints":{"allow":["GET"]}}],"collection":[{"href":"https:\/\/tvtecjundiai.com.br\/news\/wp-json\/wp\/v2\/posts"}],"about":[{"href":"https:\/\/tvtecjundiai.com.br\/news\/wp-json\/wp\/v2\/types\/post"}],"author":[{"embeddable":true,"href":"https:\/\/tvtecjundiai.com.br\/news\/wp-json\/wp\/v2\/users\/28"}],"replies":[{"embeddable":true,"href":"https:\/\/tvtecjundiai.com.br\/news\/wp-json\/wp\/v2\/comments?post=77296"}],"version-history":[{"count":1,"href":"https:\/\/tvtecjundiai.com.br\/news\/wp-json\/wp\/v2\/posts\/77296\/revisions"}],"predecessor-version":[{"id":77299,"href":"https:\/\/tvtecjundiai.com.br\/news\/wp-json\/wp\/v2\/posts\/77296\/revisions\/77299"}],"wp:featuredmedia":[{"embeddable":true,"href":"https:\/\/tvtecjundiai.com.br\/news\/wp-json\/wp\/v2\/media\/77298"}],"wp:attachment":[{"href":"https:\/\/tvtecjundiai.com.br\/news\/wp-json\/wp\/v2\/media?parent=77296"}],"wp:term":[{"taxonomy":"category","embeddable":true,"href":"https:\/\/tvtecjundiai.com.br\/news\/wp-json\/wp\/v2\/categories?post=77296"},{"taxonomy":"post_tag","embeddable":true,"href":"https:\/\/tvtecjundiai.com.br\/news\/wp-json\/wp\/v2\/tags?post=77296"}],"curies":[{"name":"wp","href":"https:\/\/api.w.org\/{rel}","templated":true}]}}