{"id":77302,"date":"2021-06-09T16:24:38","date_gmt":"2021-06-09T19:24:38","guid":{"rendered":"https:\/\/tvtecjundiai.com.br\/news\/?p=77302"},"modified":"2021-06-09T16:24:38","modified_gmt":"2021-06-09T19:24:38","slug":"e-commerce-deve-representar-17-das-vendas-no-dia-dos-namorados-em-jundiai","status":"publish","type":"post","link":"https:\/\/tvtecjundiai.com.br\/news\/2021\/06\/09\/e-commerce-deve-representar-17-das-vendas-no-dia-dos-namorados-em-jundiai\/","title":{"rendered":"E-commerce deve representar 17% das vendas no dia dos Namorados em Jundia\u00ed"},"content":{"rendered":"\n<p>As vendas no e-commerce para o Dia dos Namorados devem representar 17% do com\u00e9rcio varejista, segundo levantamento realizado pelo Instituto de Dados da Associa\u00e7\u00e3o Comercial Empresarial (ACE) de Jundia\u00ed.<\/p>\n\n\n\n<p>A pesquisa realizada pela ACE ouviu 837 pessoas no per\u00edodo de 18 a 22 de maio e mostrou que as vendas no e-commerce para o Dia dos Namorados podem ter uma m\u00e9dia de participa\u00e7\u00e3o superior com a esperada no restante do Estado (14%). \u201cOs dados refor\u00e7am a necessidade de as lojas f\u00edsicas marcarem presen\u00e7a no digital\u201d, explica o presidente da ACE, Mark William Ormenese Monteiro.<\/p>\n\n\n\n<div class=\"wp-block-image\"><figure class=\"aligncenter size-large\"><img loading=\"lazy\" decoding=\"async\" width=\"626\" height=\"417\" src=\"https:\/\/tvtecjundiai.com.br\/news\/wp-content\/uploads\/sites\/2\/2021\/06\/ecommerce-pesquisa.jpg\" alt=\"\" class=\"wp-image-77303\" srcset=\"https:\/\/tvtecjundiai.com.br\/news\/wp-content\/uploads\/sites\/2\/2021\/06\/ecommerce-pesquisa.jpg 626w, https:\/\/tvtecjundiai.com.br\/news\/wp-content\/uploads\/sites\/2\/2021\/06\/ecommerce-pesquisa-300x200.jpg 300w\" sizes=\"auto, (max-width: 626px) 100vw, 626px\" \/><\/figure><\/div>\n\n\n\n<p>Segundo ele, a necessidade de o comerciante marcar presen\u00e7a online j\u00e1 foi apontada pela ACE na primeira pesquisa realizada pelo Instituto de Dados em dezembro. \u201cA pandemia acelerou a transforma\u00e7\u00e3o digital em at\u00e9 cinco anos e o comerciante precisa se adequar ao novo cen\u00e1rio\u201d, diz. \u201cMesmo que ele n\u00e3o tenha a inten\u00e7\u00e3o de montar um ecommerce, \u00e9 preciso interagir com o consumidor no online, seja pelas redes sociais ou por aplicativos como WhatsApp.\u201d<\/p>\n\n\n\n<p>Para auxiliar o empreendedor a enfrentar este novo cen\u00e1rio e a buscar solu\u00e7\u00f5es inovadoras e tecnol\u00f3gicas, que possam garantir a sobreviv\u00eancia e o crescimento das empresas, a ACE Jundia\u00ed lan\u00e7ou em janeiro o projeto Inovace, que re\u00fane diferentes a\u00e7\u00f5es. Uma delas \u00e9 a mentoria Start Digital, que em abril mostrou a associados como vender usando o potencial do digital com estrat\u00e9gia e lucratividade. Uma pr\u00f3xima turma ser\u00e1 montada nas pr\u00f3ximas semanas.<\/p>\n\n\n\n<p><em>(Texto\/Imagem: Associa\u00e7\u00e3o Comercial Empresarial de Jundia\u00ed)<\/em><\/p>\n","protected":false},"excerpt":{"rendered":"<p>Levantamento foi realizado pelo Instituto de Dados da Associa\u00e7\u00e3o Comercial Empresarial (ACE) de Jundia\u00ed<\/p>\n","protected":false},"author":28,"featured_media":77303,"comment_status":"closed","ping_status":"closed","sticky":false,"template":"","format":"standard","meta":{"footnotes":""},"categories":[8356,1],"tags":[],"class_list":["post-77302","post","type-post","status-publish","format-standard","has-post-thumbnail","hentry","category-jundiai","category-noticias"],"_links":{"self":[{"href":"https:\/\/tvtecjundiai.com.br\/news\/wp-json\/wp\/v2\/posts\/77302","targetHints":{"allow":["GET"]}}],"collection":[{"href":"https:\/\/tvtecjundiai.com.br\/news\/wp-json\/wp\/v2\/posts"}],"about":[{"href":"https:\/\/tvtecjundiai.com.br\/news\/wp-json\/wp\/v2\/types\/post"}],"author":[{"embeddable":true,"href":"https:\/\/tvtecjundiai.com.br\/news\/wp-json\/wp\/v2\/users\/28"}],"replies":[{"embeddable":true,"href":"https:\/\/tvtecjundiai.com.br\/news\/wp-json\/wp\/v2\/comments?post=77302"}],"version-history":[{"count":1,"href":"https:\/\/tvtecjundiai.com.br\/news\/wp-json\/wp\/v2\/posts\/77302\/revisions"}],"predecessor-version":[{"id":77304,"href":"https:\/\/tvtecjundiai.com.br\/news\/wp-json\/wp\/v2\/posts\/77302\/revisions\/77304"}],"wp:featuredmedia":[{"embeddable":true,"href":"https:\/\/tvtecjundiai.com.br\/news\/wp-json\/wp\/v2\/media\/77303"}],"wp:attachment":[{"href":"https:\/\/tvtecjundiai.com.br\/news\/wp-json\/wp\/v2\/media?parent=77302"}],"wp:term":[{"taxonomy":"category","embeddable":true,"href":"https:\/\/tvtecjundiai.com.br\/news\/wp-json\/wp\/v2\/categories?post=77302"},{"taxonomy":"post_tag","embeddable":true,"href":"https:\/\/tvtecjundiai.com.br\/news\/wp-json\/wp\/v2\/tags?post=77302"}],"curies":[{"name":"wp","href":"https:\/\/api.w.org\/{rel}","templated":true}]}}