{"id":77309,"date":"2021-06-09T18:39:32","date_gmt":"2021-06-09T21:39:32","guid":{"rendered":"https:\/\/tvtecjundiai.com.br\/news\/?p=77309"},"modified":"2021-06-09T18:39:32","modified_gmt":"2021-06-09T21:39:32","slug":"saude-bucal-e-tema-de-serie-de-videos-para-educacao-disponiveis-pela-prefeitura-de-jundiai","status":"publish","type":"post","link":"https:\/\/tvtecjundiai.com.br\/news\/2021\/06\/09\/saude-bucal-e-tema-de-serie-de-videos-para-educacao-disponiveis-pela-prefeitura-de-jundiai\/","title":{"rendered":"Sa\u00fade Bucal \u00e9 tema de s\u00e9rie de v\u00eddeos para Educa\u00e7\u00e3o dispon\u00edveis pela Prefeitura de Jundia\u00ed"},"content":{"rendered":"\n<p>Escovar os dentes, uso de fio dental, ter uma alimenta\u00e7\u00e3o adequada, al\u00e9m de outros temas relacionados com a Sa\u00fade Bucal, ser\u00e3o assuntos disponibilizados em v\u00eddeos para os estudantes e suas fam\u00edlias a partir das plataformas de apoio \u00e0 Educa\u00e7\u00e3o dispon\u00edveis pela Prefeitura de Jundia\u00ed. A s\u00e9rie faz parte de atividades do Programa Sa\u00fade na Escola (PSE) pol\u00edtica intersetorial entre a sa\u00fade e educa\u00e7\u00e3o que tem como objetivo levar o tema Sa\u00fade para o ambiente escolar, bem como orientar sobre os servi\u00e7os dispon\u00edveis para as fam\u00edlias a partir de seu territ\u00f3rio.<\/p>\n\n\n\n<figure class=\"wp-block-image size-large\"><img loading=\"lazy\" decoding=\"async\" width=\"1200\" height=\"800\" src=\"https:\/\/tvtecjundiai.com.br\/news\/wp-content\/uploads\/sites\/2\/2021\/06\/atendimento_odontologico-108-1200x800.jpg\" alt=\"\" class=\"wp-image-77310\" srcset=\"https:\/\/tvtecjundiai.com.br\/news\/wp-content\/uploads\/sites\/2\/2021\/06\/atendimento_odontologico-108-1200x800.jpg 1200w, https:\/\/tvtecjundiai.com.br\/news\/wp-content\/uploads\/sites\/2\/2021\/06\/atendimento_odontologico-108-300x200.jpg 300w, https:\/\/tvtecjundiai.com.br\/news\/wp-content\/uploads\/sites\/2\/2021\/06\/atendimento_odontologico-108-768x512.jpg 768w, https:\/\/tvtecjundiai.com.br\/news\/wp-content\/uploads\/sites\/2\/2021\/06\/atendimento_odontologico-108.jpg 1280w\" sizes=\"auto, (max-width: 1200px) 100vw, 1200px\" \/><\/figure>\n\n\n\n<p>Jundia\u00ed conta com 108 escolas municipais e 88 fazem parte do PSE. Este ano teremos a participa\u00e7\u00e3o de 4 Escolas Estaduais, totalizando 92 escolas e 28.890 estudantes, entre 0 a 15 anos. \u201cO cuidado e a educa\u00e7\u00e3o em Sa\u00fade, faz parte das a\u00e7\u00f5es realizadas nas escolas anualmente, em virtude da pandemia do novo Coronav\u00edrus, o trabalho foi adequado para v\u00eddeo, com temas diversos que v\u00e3o desde a apresenta\u00e7\u00e3o do profissional de sa\u00fade que \u00e9 a refer\u00eancia na regi\u00e3o at\u00e9 temas como orienta\u00e7\u00e3o \u00e0 correta escova\u00e7\u00e3o ou c\u00e2ncer bucal\u201d, as 35 UBSs do munic\u00edpio participam do Programa que a cada ano incorpora mais estudantes e as equipes de sa\u00fade bucal participam ativamente do processo de produ\u00e7\u00e3o desses v\u00eddeos.<\/p>\n\n\n\n<p>O trabalho ficar\u00e1 dispon\u00edvel para consulta nas plataformas da Unidade de Gest\u00e3o de Educa\u00e7\u00e3o (UGE), os v\u00eddeos ser\u00e3o encaminhados junto aos materiais das EMEBs. De acordo com a gestora da UGE, Vast\u00ed Ferrari Marques, o formato alternativo agrega aos materiais j\u00e1 disponibilizados para as crian\u00e7as e suas fam\u00edlias. \u201cA pandemia for\u00e7ou a adequa\u00e7\u00e3o e inova\u00e7\u00e3o na forma de ensinar. O uso da tecnologia acrescenta possibilidades para o ensino durante o per\u00edodo, bem como favorece a replica\u00e7\u00e3o do conte\u00fado, j\u00e1 que fica dispon\u00edvel para a visualiza\u00e7\u00e3o de toda a popula\u00e7\u00e3o\u201d, comenta.<\/p>\n\n\n\n<p><em>(Texto\/Imagem: Prefeitura de Jundia\u00ed)<\/em><\/p>\n","protected":false},"excerpt":{"rendered":"<p>Escovar os dentes, uso de fio dental, ter uma alimenta\u00e7\u00e3o adequada s\u00e3o alguns dos temas tratados<\/p>\n","protected":false},"author":28,"featured_media":77310,"comment_status":"closed","ping_status":"closed","sticky":false,"template":"","format":"standard","meta":{"footnotes":""},"categories":[8356,1],"tags":[],"class_list":["post-77309","post","type-post","status-publish","format-standard","has-post-thumbnail","hentry","category-jundiai","category-noticias"],"_links":{"self":[{"href":"https:\/\/tvtecjundiai.com.br\/news\/wp-json\/wp\/v2\/posts\/77309","targetHints":{"allow":["GET"]}}],"collection":[{"href":"https:\/\/tvtecjundiai.com.br\/news\/wp-json\/wp\/v2\/posts"}],"about":[{"href":"https:\/\/tvtecjundiai.com.br\/news\/wp-json\/wp\/v2\/types\/post"}],"author":[{"embeddable":true,"href":"https:\/\/tvtecjundiai.com.br\/news\/wp-json\/wp\/v2\/users\/28"}],"replies":[{"embeddable":true,"href":"https:\/\/tvtecjundiai.com.br\/news\/wp-json\/wp\/v2\/comments?post=77309"}],"version-history":[{"count":1,"href":"https:\/\/tvtecjundiai.com.br\/news\/wp-json\/wp\/v2\/posts\/77309\/revisions"}],"predecessor-version":[{"id":77311,"href":"https:\/\/tvtecjundiai.com.br\/news\/wp-json\/wp\/v2\/posts\/77309\/revisions\/77311"}],"wp:featuredmedia":[{"embeddable":true,"href":"https:\/\/tvtecjundiai.com.br\/news\/wp-json\/wp\/v2\/media\/77310"}],"wp:attachment":[{"href":"https:\/\/tvtecjundiai.com.br\/news\/wp-json\/wp\/v2\/media?parent=77309"}],"wp:term":[{"taxonomy":"category","embeddable":true,"href":"https:\/\/tvtecjundiai.com.br\/news\/wp-json\/wp\/v2\/categories?post=77309"},{"taxonomy":"post_tag","embeddable":true,"href":"https:\/\/tvtecjundiai.com.br\/news\/wp-json\/wp\/v2\/tags?post=77309"}],"curies":[{"name":"wp","href":"https:\/\/api.w.org\/{rel}","templated":true}]}}