{"id":77315,"date":"2021-06-10T09:00:04","date_gmt":"2021-06-10T12:00:04","guid":{"rendered":"https:\/\/tvtecjundiai.com.br\/news\/?p=77315"},"modified":"2021-06-10T09:15:26","modified_gmt":"2021-06-10T12:15:26","slug":"ha-20-anos-gustavo-kuerten-se-tornava-tricampeao-de-roland-garros","status":"publish","type":"post","link":"https:\/\/tvtecjundiai.com.br\/news\/2021\/06\/10\/ha-20-anos-gustavo-kuerten-se-tornava-tricampeao-de-roland-garros\/","title":{"rendered":"H\u00e1 20 anos, Gustavo Kuerten se tornava tricampe\u00e3o de Roland Garros"},"content":{"rendered":"\n<p>No dia&nbsp;<img decoding=\"async\" src=\"https:\/\/agenciabrasil.ebc.com.br\/ebc.png?id=1412144&amp;o=node\"><img decoding=\"async\" src=\"https:\/\/agenciabrasil.ebc.com.br\/ebc.gif?id=1412144&amp;o=node\">10 de junho&nbsp;<img decoding=\"async\" src=\"https:\/\/agenciabrasil.ebc.com.br\/ebc.png?id=1412144&amp;o=node\"><img decoding=\"async\" src=\"https:\/\/agenciabrasil.ebc.com.br\/ebc.gif?id=1412144&amp;o=node\">de 2001, na quadra Philippe Chatrier, em Paris, o tenista catarinense Gustavo Kuerten conquistava uma das maiores fa\u00e7anhas da carreira. Com o tricampeonato do Grand Slam de Roland Garros, ele deixava o mundo do t\u00eanis aos seus p\u00e9s. Na final, o brasileiro bateu o espanhol Alex Corretja, 13\u00ba colocado do ranking na ocasi\u00e3o, por 6\/7 (3-7), 7\/5, 6\/2 e 6\/0 em 3h12 de partida. <\/p>\n\n\n\n<p>\u201cAquela temporada de 2001 transmitiu a seguran\u00e7a, a confirma\u00e7\u00e3o. T\u00ednhamos muitas facilidades para encontrar solu\u00e7\u00f5es dif\u00edceis dentro da quadra e a atingi a consagra\u00e7\u00e3o como tenista. Tenho a total convic\u00e7\u00e3o que foi o meu melhor ano. O primeiro t\u00edtulo, em 1997, foi o mais surpreendente. S\u00f3 que em 2001 estava no topo mesmo. O impacto n\u00e3o era s\u00f3 para os f\u00e3s. Era tamb\u00e9m para os advers\u00e1rios. A gente chegava na quadra e eles respeitavam muito. Eu estava jogando demais mesmo\u201d, disse Guga.<\/p>\n\n\n\n<figure class=\"wp-block-image size-large\"><img loading=\"lazy\" decoding=\"async\" width=\"1024\" height=\"538\" src=\"https:\/\/tvtecjundiai.com.br\/news\/wp-content\/uploads\/sites\/2\/2021\/06\/kuerten2.jpg\" alt=\"\" class=\"wp-image-77317\" srcset=\"https:\/\/tvtecjundiai.com.br\/news\/wp-content\/uploads\/sites\/2\/2021\/06\/kuerten2.jpg 1024w, https:\/\/tvtecjundiai.com.br\/news\/wp-content\/uploads\/sites\/2\/2021\/06\/kuerten2-300x158.jpg 300w, https:\/\/tvtecjundiai.com.br\/news\/wp-content\/uploads\/sites\/2\/2021\/06\/kuerten2-768x404.jpg 768w\" sizes=\"auto, (max-width: 1024px) 100vw, 1024px\" \/><\/figure>\n\n\n\n<p>Fabr\u00edzio Gallas, jornalista especializado em t\u00eanis, d\u00e1 a dimens\u00e3o que o brasileiro alcan\u00e7ou no circuito. &#8220;Ele se tornou uma refer\u00eancia para o t\u00eanis mundial. N\u00e3o somente pelas conquistas. Mas pela irrever\u00eancia. L\u00e1 em 1997 foi campe\u00e3o com aquela roupa toda colorida, amarela e azul, os cabelos descabelados. E batendo caras gigantes do t\u00eanis mundial, entre eles o austr\u00edaco Thomas Muster, o russo Evgeni Kafelnikov, que tinha sido campe\u00e3o em 1996. A cada vit\u00f3ria, ele ia chamando mais aten\u00e7\u00e3o e todo mundo queria saber quem era aquele desconhecido. A partir dali, na semifinal e na final, o Guga j\u00e1 estava em outro planeta. Jogando um t\u00eanis espetacular. Foram jogos mais f\u00e1ceis&#8221;, lembra o jornalista. Para ele, o torneio de 2001 foi realmente a confirma\u00e7\u00e3o do brasileiro.<\/p>\n\n\n\n<p>O momento pelo qual Guga passava era t\u00e3o bom que o ele considera que poderia ter se tornado pentacampe\u00e3o se os problemas no quadril n\u00e3o o tivessem for\u00e7ado a encerrar a carreira precocemente. &#8220;Meu t\u00eanis estava brotando. Era s\u00f3 o come\u00e7o. Alcan\u00e7ar essa marca seria algo normal. Participaria mais cinco anos como favorito.&#8221; A partir de 2001, o atleta passou a ter o desempenho afetado pelas dores no quadril. At\u00e9 que, em 2002 e 2004, teve que passar por cirurgias para remo\u00e7\u00e3o da cartilagem no local. Na sequ\u00eancia, at\u00e9 2008, quando se aposentou, jogar com dores era uma constante.<\/p>\n\n\n\n<p>Em 2013, j\u00e1 ex-atleta, Gustavo Kuerten passou por uma terceira cirurgia. &#8220;Aquilo que eu joguei em 2004 naquela vit\u00f3ria contra o Roger Federer, j\u00e1 com muitas dores, e depois, com grandes problemas causados pelas cirurgias, ter seguido vencendo s\u00e3o provas de que eu poderia ter ido muito mais longe&#8221;.<\/p>\n\n\n\n<p>O dom\u00ednio do brasileiro no circuito mundial naquelas temporadas fez, inclusive, o esporte se tornar mais popular no pa\u00eds. &#8220;Quando eu me tornei o n\u00famero um do mundo em 2000, depois daquela vit\u00f3ria contra o Andr\u00e9 Agassi, a confian\u00e7a transbordou para todas as \u00e1reas. Eu comecei a ganhar em todos os tipos de piso. Foi o auge do t\u00eanis no Brasil. As pessoas conversavam sobre os jogos pelas ruas. As minhas vit\u00f3rias traziam esperan\u00e7a para as pessoas. Esse tempo me traz clareza para continuar recordando tudo aquilo. S\u00e3o exemplos como esse que o Brasil precisa&#8221;, lembrou Guga.<\/p>\n\n\n\n<p>&#8220;Tive um contato mais pr\u00f3ximo com ele a partir de 2005. Estive na \u00faltima Copa Davis que ele participou na \u00c1ustria em 2007. J\u00e1 no final de carreira, ele s\u00f3 jogou duplas com o Andr\u00e9 S\u00e1. Mas, eu como f\u00e3, chorei demais com todas vit\u00f3rias dele. O Guga trouxe o t\u00eanis para os holofotes. Mesmo que o Brasil n\u00e3o tenha aproveitado esse fen\u00f4meno a modalidade ainda tem um relativo destaque por aqui. E o Guga teve papel fundamental nisso&#8221;, considera Fabr\u00edzio Gallas.<\/p>\n\n\n\n<p><em>(Texto: Ag\u00eancia Brasil\/Imagem: <em>Divulga\u00e7\u00e3o Saidolugar<\/em>)<\/em><\/p>\n","protected":false},"excerpt":{"rendered":"<p>Guga considera que, sem les\u00f5es, poderia ter sido penta na Fran\u00e7a<\/p>\n","protected":false},"author":28,"featured_media":77317,"comment_status":"closed","ping_status":"closed","sticky":false,"template":"","format":"standard","meta":{"footnotes":""},"categories":[8356,1],"tags":[],"class_list":["post-77315","post","type-post","status-publish","format-standard","has-post-thumbnail","hentry","category-jundiai","category-noticias"],"_links":{"self":[{"href":"https:\/\/tvtecjundiai.com.br\/news\/wp-json\/wp\/v2\/posts\/77315","targetHints":{"allow":["GET"]}}],"collection":[{"href":"https:\/\/tvtecjundiai.com.br\/news\/wp-json\/wp\/v2\/posts"}],"about":[{"href":"https:\/\/tvtecjundiai.com.br\/news\/wp-json\/wp\/v2\/types\/post"}],"author":[{"embeddable":true,"href":"https:\/\/tvtecjundiai.com.br\/news\/wp-json\/wp\/v2\/users\/28"}],"replies":[{"embeddable":true,"href":"https:\/\/tvtecjundiai.com.br\/news\/wp-json\/wp\/v2\/comments?post=77315"}],"version-history":[{"count":3,"href":"https:\/\/tvtecjundiai.com.br\/news\/wp-json\/wp\/v2\/posts\/77315\/revisions"}],"predecessor-version":[{"id":77323,"href":"https:\/\/tvtecjundiai.com.br\/news\/wp-json\/wp\/v2\/posts\/77315\/revisions\/77323"}],"wp:featuredmedia":[{"embeddable":true,"href":"https:\/\/tvtecjundiai.com.br\/news\/wp-json\/wp\/v2\/media\/77317"}],"wp:attachment":[{"href":"https:\/\/tvtecjundiai.com.br\/news\/wp-json\/wp\/v2\/media?parent=77315"}],"wp:term":[{"taxonomy":"category","embeddable":true,"href":"https:\/\/tvtecjundiai.com.br\/news\/wp-json\/wp\/v2\/categories?post=77315"},{"taxonomy":"post_tag","embeddable":true,"href":"https:\/\/tvtecjundiai.com.br\/news\/wp-json\/wp\/v2\/tags?post=77315"}],"curies":[{"name":"wp","href":"https:\/\/api.w.org\/{rel}","templated":true}]}}