{"id":77319,"date":"2021-06-10T09:11:33","date_gmt":"2021-06-10T12:11:33","guid":{"rendered":"https:\/\/tvtecjundiai.com.br\/news\/?p=77319"},"modified":"2021-06-10T09:11:33","modified_gmt":"2021-06-10T12:11:33","slug":"unidade-sentinela-jardim-do-lago-passa-a-oferecer-atendimento-pediatrico-para-sintomas-gripais","status":"publish","type":"post","link":"https:\/\/tvtecjundiai.com.br\/news\/2021\/06\/10\/unidade-sentinela-jardim-do-lago-passa-a-oferecer-atendimento-pediatrico-para-sintomas-gripais\/","title":{"rendered":"Unidade Sentinela Jardim do Lago passa a oferecer atendimento pedi\u00e1trico para sintomas gripais"},"content":{"rendered":"\n<p>Com a chegada do per\u00edodo de queda na temperatura, a tend\u00eancia \u00e9 de aumento nos casos de sintomas gripais entre a popula\u00e7\u00e3o. Para ampliar o acesso e proporcionar o atendimento especializado, a Unidade Sentinela Jardim do Lago \u2013 que \u00e9 refer\u00eancia em atendimento adulto para casos de s\u00edndrome gripal \u2013 passa a oferecer o cuidado pedi\u00e1trico no espa\u00e7o, sendo refer\u00eancia para toda a rede de Aten\u00e7\u00e3o B\u00e1sica de Jundia\u00ed.<\/p>\n\n\n\n<p>De acordo com o gestor da Unidade de Gest\u00e3o de Promo\u00e7\u00e3o da Sa\u00fade (UGPS), Tiago Texera, o acr\u00e9scimo \u00e0 rede de atendimento \u00e9 mais uma medida adotada pela Prefeitura de Jundia\u00ed para garantir acesso aos cuidados de maneira r\u00e1pida e eficiente\u201d, comenta.<\/p>\n\n\n\n<figure class=\"wp-block-image size-large\"><img loading=\"lazy\" decoding=\"async\" width=\"1200\" height=\"800\" src=\"https:\/\/tvtecjundiai.com.br\/news\/wp-content\/uploads\/sites\/2\/2021\/06\/whatsapp-image-2021-06-02-at-17-44-52-1200x800.jpg\" alt=\"\" class=\"wp-image-77320\" srcset=\"https:\/\/tvtecjundiai.com.br\/news\/wp-content\/uploads\/sites\/2\/2021\/06\/whatsapp-image-2021-06-02-at-17-44-52-1200x800.jpg 1200w, https:\/\/tvtecjundiai.com.br\/news\/wp-content\/uploads\/sites\/2\/2021\/06\/whatsapp-image-2021-06-02-at-17-44-52-300x200.jpg 300w, https:\/\/tvtecjundiai.com.br\/news\/wp-content\/uploads\/sites\/2\/2021\/06\/whatsapp-image-2021-06-02-at-17-44-52-768x512.jpg 768w, https:\/\/tvtecjundiai.com.br\/news\/wp-content\/uploads\/sites\/2\/2021\/06\/whatsapp-image-2021-06-02-at-17-44-52.jpg 1262w\" sizes=\"auto, (max-width: 1200px) 100vw, 1200px\" \/><figcaption>Atendimento da Unidade Sentinela Jardim do Lago passa a incluir crian\u00e7as com sintomas gripais<\/figcaption><\/figure>\n\n\n\n<p>At\u00e9 ent\u00e3o, os cuidados espec\u00edficos para crian\u00e7as e adolescentes com sintomas gripais eram realizados no Pronto Socorro do Hospital Universit\u00e1rio (HU) e nas Unidades B\u00e1sicas de Sa\u00fade (UBSs). \u201cA m\u00e9dia de atendimento na \u00faltima semana foi de 12 crian\u00e7as por dia na Unidade Sentinela Jardim do Lago. O volume deve aumentar em decorr\u00eancia do per\u00edodo e caracter\u00edsticas do clima mais frio. O objetivo da cria\u00e7\u00e3o do espa\u00e7o dedicado \u00e0s crian\u00e7as e adolescentes \u00e9 mais uma forma de acelerar o atendimento daqueles que t\u00eam menos de 18 anos\u201d, comenta a Diretora de Aten\u00e7\u00e3o B\u00e1sica da Unidade de Gest\u00e3o de Promo\u00e7\u00e3o de Sa\u00fade (UGPS) Andreia Pinto de Souza.<\/p>\n\n\n\n<p>O equipamento conta com a oferta de exames RT-PCR \u2013 identifica\u00e7\u00e3o do v\u00edrus ativo no organismo, realizado de acordo com o per\u00edodo entre 3 a 8 dias ap\u00f3s in\u00edcio dos sintomas -, realizados ap\u00f3s a indica\u00e7\u00e3o m\u00e9dica. O servi\u00e7o funciona de segunda a sexta-feira, das 7h \u00e0s 19h.<\/p>\n\n\n\n<p><em>(Texto\/Imagem: Prefeitura de Jundia\u00ed)<\/em><\/p>\n","protected":false},"excerpt":{"rendered":"<p>A m\u00e9dia de atendimento na \u00faltima semana foi de 12 crian\u00e7as por dia na Unidade Sentinela Jardim do Lago<\/p>\n","protected":false},"author":28,"featured_media":77320,"comment_status":"closed","ping_status":"closed","sticky":false,"template":"","format":"standard","meta":{"footnotes":""},"categories":[8356,1],"tags":[],"class_list":["post-77319","post","type-post","status-publish","format-standard","has-post-thumbnail","hentry","category-jundiai","category-noticias"],"_links":{"self":[{"href":"https:\/\/tvtecjundiai.com.br\/news\/wp-json\/wp\/v2\/posts\/77319","targetHints":{"allow":["GET"]}}],"collection":[{"href":"https:\/\/tvtecjundiai.com.br\/news\/wp-json\/wp\/v2\/posts"}],"about":[{"href":"https:\/\/tvtecjundiai.com.br\/news\/wp-json\/wp\/v2\/types\/post"}],"author":[{"embeddable":true,"href":"https:\/\/tvtecjundiai.com.br\/news\/wp-json\/wp\/v2\/users\/28"}],"replies":[{"embeddable":true,"href":"https:\/\/tvtecjundiai.com.br\/news\/wp-json\/wp\/v2\/comments?post=77319"}],"version-history":[{"count":1,"href":"https:\/\/tvtecjundiai.com.br\/news\/wp-json\/wp\/v2\/posts\/77319\/revisions"}],"predecessor-version":[{"id":77321,"href":"https:\/\/tvtecjundiai.com.br\/news\/wp-json\/wp\/v2\/posts\/77319\/revisions\/77321"}],"wp:featuredmedia":[{"embeddable":true,"href":"https:\/\/tvtecjundiai.com.br\/news\/wp-json\/wp\/v2\/media\/77320"}],"wp:attachment":[{"href":"https:\/\/tvtecjundiai.com.br\/news\/wp-json\/wp\/v2\/media?parent=77319"}],"wp:term":[{"taxonomy":"category","embeddable":true,"href":"https:\/\/tvtecjundiai.com.br\/news\/wp-json\/wp\/v2\/categories?post=77319"},{"taxonomy":"post_tag","embeddable":true,"href":"https:\/\/tvtecjundiai.com.br\/news\/wp-json\/wp\/v2\/tags?post=77319"}],"curies":[{"name":"wp","href":"https:\/\/api.w.org\/{rel}","templated":true}]}}