{"id":77324,"date":"2021-06-10T09:24:06","date_gmt":"2021-06-10T12:24:06","guid":{"rendered":"https:\/\/tvtecjundiai.com.br\/news\/?p=77324"},"modified":"2021-06-10T09:50:41","modified_gmt":"2021-06-10T12:50:41","slug":"covid-19-brasil-registra-171-milhoes-de-casos-e-4795-mil-mortes-1","status":"publish","type":"post","link":"https:\/\/tvtecjundiai.com.br\/news\/2021\/06\/10\/covid-19-brasil-registra-171-milhoes-de-casos-e-4795-mil-mortes-1\/","title":{"rendered":"COVID-19: Brasil registra 17,1 milh\u00f5es de casos e 479,5 mil mortes"},"content":{"rendered":"\n<p>O total de pessoas infectadas pelo novo coronav\u00edrus desde o in\u00edcio da pandemia chegou a 17.122.877. Entre ontem e hoje, foram confirmados 85.748 novos diagn\u00f3sticos positivos de COVID-19 pelas secretarias de sa\u00fade. Ontem, o painel de informa\u00e7\u00f5es da pandemia trazia 17.037.129 casos acumulados. O pa\u00eds tem ainda 3.888 casos ativos, em acompanhamento. N\u00e3o foram acrescidos os dados do estado de Rond\u00f4nia.<\/p>\n\n\n\n<p>A soma de vidas perdidas para a pandemia do Novo Coronav\u00edrus alcan\u00e7ou 479.515. Nas \u00faltimas 24 horas, foram confirmados 2.723 novos \u00f3bitos. Foi o maior n\u00famero desde o dia 5 de maio, quando foram registradas 2.811 novas mortes. Ontem, o n\u00famero de \u00f3bitos decorrentes de complica\u00e7\u00f5es relacionadas \u00e0 COVID-19 estava em 476.792.<\/p>\n\n\n\n<p>Ainda h\u00e1 3.888 falecimentos em investiga\u00e7\u00e3o. O termo \u00e9 empregado pelas autoridades de sa\u00fade para designar casos em que um paciente morre, mas a causa segue sendo apurada mesmo ap\u00f3s a declara\u00e7\u00e3o do \u00f3bito.<\/p>\n\n\n\n<p>Os dados est\u00e3o na atualiza\u00e7\u00e3o di\u00e1ria do Minist\u00e9rio da Sa\u00fade, divulgada na noite desta quarta-feira (9). O balan\u00e7o sistematiza as informa\u00e7\u00f5es coletadas por secretarias estaduais de sa\u00fade sobre casos e mortes.<\/p>\n\n\n\n<p>O n\u00famero de pessoas que foram infectadas mas se recuperaram desde o in\u00edcio da pandemia \u00e9 de 15.596.816. Isso corresponde a 91,1% do total dos infectados pelo v\u00edrus.<\/p>\n\n\n\n<p>Os n\u00fameros s\u00e3o em geral mais baixos aos domingos e segundas-feiras em raz\u00e3o da menor quantidade de funcion\u00e1rios das equipes de sa\u00fade para realizar a alimenta\u00e7\u00e3o dos dados. J\u00e1 \u00e0s ter\u00e7as-feiras os resultados tendem a ser maiores pelo envio dos dados acumulados.<\/p>\n\n\n\n<figure class=\"wp-block-image size-large\"><img loading=\"lazy\" decoding=\"async\" width=\"1089\" height=\"726\" src=\"https:\/\/tvtecjundiai.com.br\/news\/wp-content\/uploads\/sites\/2\/2021\/05\/vacinacao-covid-19-d2-68-mais-na-colonia_c_-17.jpg\" alt=\"\" class=\"wp-image-75314\" srcset=\"https:\/\/tvtecjundiai.com.br\/news\/wp-content\/uploads\/sites\/2\/2021\/05\/vacinacao-covid-19-d2-68-mais-na-colonia_c_-17.jpg 1089w, https:\/\/tvtecjundiai.com.br\/news\/wp-content\/uploads\/sites\/2\/2021\/05\/vacinacao-covid-19-d2-68-mais-na-colonia_c_-17-300x200.jpg 300w, https:\/\/tvtecjundiai.com.br\/news\/wp-content\/uploads\/sites\/2\/2021\/05\/vacinacao-covid-19-d2-68-mais-na-colonia_c_-17-768x512.jpg 768w\" sizes=\"auto, (max-width: 1089px) 100vw, 1089px\" \/><\/figure>\n\n\n\n<p><strong>Estados<\/strong><br>O ranking de estados com mais mortes pela COVID-19 \u00e9 liderado por S\u00e3o Paulo (115.960). Em seguida v\u00eam Rio de Janeiro (52.094), Minas Gerais (42 mil), Rio Grande do Sul (29.218) e Paran\u00e1 (27.540). J\u00e1 na parte de baixo da lista, com menos vidas perdidas para a pandemia, est\u00e3o Roraima (1.662), Acre (1.697), Amap\u00e1 (1.741), Tocantins (2.971) e Alagoas (4.922).<\/p>\n\n\n\n<p><strong>Vacina\u00e7\u00e3o<\/strong><br>At\u00e9 o momento, foram enviadas a estados e munic\u00edpios 109,2 milh\u00f5es de doses de vacinas contra a COVID-19. Deste total, foram aplicadas 70 milh\u00f5es de doses, sendo 48,6 milh\u00f5es da primeira dose e 21,3 milh\u00f5es da segunda dose.<\/p>\n\n\n\n<p><em>(Texto: Ag\u00eancia Brasil\/Imagem: TVTEC)<\/em><\/p>\n","protected":false},"excerpt":{"rendered":"<p>Os dados est\u00e3o na atualiza\u00e7\u00e3o di\u00e1ria do Minist\u00e9rio da Sa\u00fade, divulgada na noite de quarta-feira (9)<\/p>\n","protected":false},"author":28,"featured_media":76783,"comment_status":"closed","ping_status":"closed","sticky":false,"template":"","format":"standard","meta":{"footnotes":""},"categories":[8356,1],"tags":[],"class_list":["post-77324","post","type-post","status-publish","format-standard","has-post-thumbnail","hentry","category-jundiai","category-noticias"],"_links":{"self":[{"href":"https:\/\/tvtecjundiai.com.br\/news\/wp-json\/wp\/v2\/posts\/77324","targetHints":{"allow":["GET"]}}],"collection":[{"href":"https:\/\/tvtecjundiai.com.br\/news\/wp-json\/wp\/v2\/posts"}],"about":[{"href":"https:\/\/tvtecjundiai.com.br\/news\/wp-json\/wp\/v2\/types\/post"}],"author":[{"embeddable":true,"href":"https:\/\/tvtecjundiai.com.br\/news\/wp-json\/wp\/v2\/users\/28"}],"replies":[{"embeddable":true,"href":"https:\/\/tvtecjundiai.com.br\/news\/wp-json\/wp\/v2\/comments?post=77324"}],"version-history":[{"count":1,"href":"https:\/\/tvtecjundiai.com.br\/news\/wp-json\/wp\/v2\/posts\/77324\/revisions"}],"predecessor-version":[{"id":77325,"href":"https:\/\/tvtecjundiai.com.br\/news\/wp-json\/wp\/v2\/posts\/77324\/revisions\/77325"}],"wp:featuredmedia":[{"embeddable":true,"href":"https:\/\/tvtecjundiai.com.br\/news\/wp-json\/wp\/v2\/media\/76783"}],"wp:attachment":[{"href":"https:\/\/tvtecjundiai.com.br\/news\/wp-json\/wp\/v2\/media?parent=77324"}],"wp:term":[{"taxonomy":"category","embeddable":true,"href":"https:\/\/tvtecjundiai.com.br\/news\/wp-json\/wp\/v2\/categories?post=77324"},{"taxonomy":"post_tag","embeddable":true,"href":"https:\/\/tvtecjundiai.com.br\/news\/wp-json\/wp\/v2\/tags?post=77324"}],"curies":[{"name":"wp","href":"https:\/\/api.w.org\/{rel}","templated":true}]}}