{"id":77354,"date":"2021-06-10T15:14:34","date_gmt":"2021-06-10T18:14:34","guid":{"rendered":"https:\/\/tvtecjundiai.com.br\/news\/?p=77354"},"modified":"2021-06-10T15:20:03","modified_gmt":"2021-06-10T18:20:03","slug":"mundo-das-criancas-retomara-agendamento-para-visitas-1","status":"publish","type":"post","link":"https:\/\/tvtecjundiai.com.br\/news\/2021\/06\/10\/mundo-das-criancas-retomara-agendamento-para-visitas-1\/","title":{"rendered":"Mundo das Crian\u00e7as retomar\u00e1 agendamento de visitas para evitar aglomera\u00e7\u00f5es"},"content":{"rendered":"\n<p>O Mundo das Crian\u00e7as, espa\u00e7o administrado pela DAE Jundia\u00ed, vai funcionar, neste final de semana (dias 12 e 13 de junho), das 7 \u00e0s 17 horas. A entrada est\u00e1 limitada a 40% do p\u00fablico. Por este motivo, assim que o limite for alcan\u00e7ado, os port\u00f5es ser\u00e3o fechados. &nbsp;Al\u00e9m disso, em breve, o sistema de agendamento para as visitas ao local deve ser retomado, em formato sob an\u00e1lise conjunta entre a DAE e a Cijun (Companhia de Inform\u00e1tica de Jundia\u00ed). As medidas atendem \u00e0s recomenda\u00e7\u00f5es do Plano S\u00e3o Paulo de controle \u00e0 Covid-19 e visam cumprir os protocolos sanit\u00e1rios e evitar aglomera\u00e7\u00f5es. <\/p>\n\n\n\n<div class=\"wp-block-image\"><figure class=\"aligncenter size-large\"><img loading=\"lazy\" decoding=\"async\" width=\"1200\" height=\"679\" src=\"https:\/\/tvtecjundiai.com.br\/news\/wp-content\/uploads\/sites\/2\/2021\/06\/mundo-das-criancas-1200x679.jpg\" alt=\"\" class=\"wp-image-77355\" srcset=\"https:\/\/tvtecjundiai.com.br\/news\/wp-content\/uploads\/sites\/2\/2021\/06\/mundo-das-criancas-1200x679.jpg 1200w, https:\/\/tvtecjundiai.com.br\/news\/wp-content\/uploads\/sites\/2\/2021\/06\/mundo-das-criancas-300x170.jpg 300w, https:\/\/tvtecjundiai.com.br\/news\/wp-content\/uploads\/sites\/2\/2021\/06\/mundo-das-criancas-768x434.jpg 768w, https:\/\/tvtecjundiai.com.br\/news\/wp-content\/uploads\/sites\/2\/2021\/06\/mundo-das-criancas.jpg 1280w\" sizes=\"auto, (max-width: 1200px) 100vw, 1200px\" \/><figcaption>Espa\u00e7o estar\u00e1 aberto neste final de semana (dias 12 e 13 de junho), a partir das 7 horas e com limite de 40% de entrada. Port\u00f5es ser\u00e3o fechados<\/figcaption><\/figure><\/div>\n\n\n\n<p>O agendamento ser\u00e1 feito pelo site do Mundo (<a href=\"http:\/\/www.mundodascriancasjundiai.com.br\/\">www.mundodascriancasjundiai.com.br<\/a>). Ser\u00e3o dois per\u00edodos para visita: pela manh\u00e3, das 7 \u00e0s 12 horas, e \u00e0 tarde, das 13 \u00e0s 17 horas. Em cada um deles, estar\u00e3o liberadas 1.500 pessoas, em um total de tr\u00eas mil pessoas por dia.<\/p>\n\n\n\n<p>A entrada e a sa\u00edda ser\u00e3o realizadas somente pela portaria do Mundo das Crian\u00e7as, localizada na rodovia Jo\u00e3o Cereser, pista Sul, km 64+400, no bairro Pinheirinho. Para quem vai de \u00f4nibus, a op\u00e7\u00e3o \u00e9 usar a linha 907 (Terminal Vila Arens\/Terminal Hortol\u00e2ndia, via rua Tiradentes).<\/p>\n\n\n\n<p>O uso de m\u00e1scara \u00e9 obrigat\u00f3rio durante todo o tempo de perman\u00eancia no local e h\u00e1 \u00e1lcool em gel em diversos pontos.<\/p>\n\n\n\n<p><strong>Orienta\u00e7\u00f5es<\/strong><\/p>\n\n\n\n<p>Por se tratar de um espa\u00e7o amplo, com \u00e1rvores rec\u00e9m-plantadas e consequente pouca sombra, alguns cuidados s\u00e3o recomendados aos visitantes, como usar roupas leves, cal\u00e7ados confort\u00e1veis e bon\u00e9, al\u00e9m de protetor solar. Neste momento, os bebedouros e lanchonetes n\u00e3o est\u00e3o funcionando, por isso, a dica \u00e9 levar garrafinhas de \u00e1gua e um lanche leve.<\/p>\n\n\n\n<p>As fontes de \u00e1gua s\u00e3o um atrativo especial para a crian\u00e7ada, que pode usar roupas de banho e serem trocadas, ap\u00f3s a brincadeira, em um dos banheiros do Mundo \u2013 s\u00e3o quatro espalhados pelo local. A entrada de animais n\u00e3o \u00e9 permitida.<\/p>\n\n\n\n<p>O Mundo das Crian\u00e7as funciona de ter\u00e7a a domingo, das 7 \u00e0s 17 horas, com entrada at\u00e9 as 16 horas. \u00c0s segundas-feiras, est\u00e1 fechado. Mais informa\u00e7\u00f5es podem ser obtidas na administra\u00e7\u00e3o, pelos telefones (11) 4522-0499 e 4589-1494, ou pelo site&nbsp;<a href=\"http:\/\/www.mundodascriancas.com.br\/\">www.mundodascriancas.com.br<\/a>.<\/p>\n\n\n\n<p><em>(Fonte\/Imagem: Assessoria DAE)<\/em><\/p>\n\n\n\n<p>&nbsp;<\/p>\n","protected":false},"excerpt":{"rendered":"<p>A entrada est\u00e1 limitada a 40% do p\u00fablico. Por este motivo, assim que o limite for alcan\u00e7ado, os port\u00f5es ser\u00e3o fechados.<\/p>\n","protected":false},"author":25,"featured_media":77355,"comment_status":"closed","ping_status":"closed","sticky":false,"template":"","format":"standard","meta":{"footnotes":""},"categories":[2834,1],"tags":[],"class_list":["post-77354","post","type-post","status-publish","format-standard","has-post-thumbnail","hentry","category-cidades","category-noticias"],"_links":{"self":[{"href":"https:\/\/tvtecjundiai.com.br\/news\/wp-json\/wp\/v2\/posts\/77354","targetHints":{"allow":["GET"]}}],"collection":[{"href":"https:\/\/tvtecjundiai.com.br\/news\/wp-json\/wp\/v2\/posts"}],"about":[{"href":"https:\/\/tvtecjundiai.com.br\/news\/wp-json\/wp\/v2\/types\/post"}],"author":[{"embeddable":true,"href":"https:\/\/tvtecjundiai.com.br\/news\/wp-json\/wp\/v2\/users\/25"}],"replies":[{"embeddable":true,"href":"https:\/\/tvtecjundiai.com.br\/news\/wp-json\/wp\/v2\/comments?post=77354"}],"version-history":[{"count":2,"href":"https:\/\/tvtecjundiai.com.br\/news\/wp-json\/wp\/v2\/posts\/77354\/revisions"}],"predecessor-version":[{"id":77357,"href":"https:\/\/tvtecjundiai.com.br\/news\/wp-json\/wp\/v2\/posts\/77354\/revisions\/77357"}],"wp:featuredmedia":[{"embeddable":true,"href":"https:\/\/tvtecjundiai.com.br\/news\/wp-json\/wp\/v2\/media\/77355"}],"wp:attachment":[{"href":"https:\/\/tvtecjundiai.com.br\/news\/wp-json\/wp\/v2\/media?parent=77354"}],"wp:term":[{"taxonomy":"category","embeddable":true,"href":"https:\/\/tvtecjundiai.com.br\/news\/wp-json\/wp\/v2\/categories?post=77354"},{"taxonomy":"post_tag","embeddable":true,"href":"https:\/\/tvtecjundiai.com.br\/news\/wp-json\/wp\/v2\/tags?post=77354"}],"curies":[{"name":"wp","href":"https:\/\/api.w.org\/{rel}","templated":true}]}}