{"id":77364,"date":"2021-06-10T17:30:50","date_gmt":"2021-06-10T20:30:50","guid":{"rendered":"https:\/\/tvtecjundiai.com.br\/news\/?p=77364"},"modified":"2021-06-10T17:30:50","modified_gmt":"2021-06-10T20:30:50","slug":"governo-de-sp-investe-r18-milhoes-em-melhorias-de-vicinais-em-jundiai","status":"publish","type":"post","link":"https:\/\/tvtecjundiai.com.br\/news\/2021\/06\/10\/governo-de-sp-investe-r18-milhoes-em-melhorias-de-vicinais-em-jundiai\/","title":{"rendered":"Governo de SP investe R$18 milh\u00f5es em melhorias de vicinais em Jundia\u00ed"},"content":{"rendered":"\n<p>As obras de recupera\u00e7\u00e3o da Marginal do Rio Jundia\u00ed, que liga o munic\u00edpio a V\u00e1rzea Paulista, e a avenida da Uva, entre o Bairro do Poste e Novo Horizonte, foram contempladas com o investimento de R$ 18 milh\u00f5es, por meio do programa Novas Vicinais, do Governo do Estado. Somente na Marginal do Rio Jundia\u00ed ser\u00e3o 6,6 quil\u00f4metros de recupera\u00e7\u00e3o do asfalto, no trecho do munic\u00edpio, a partir da Fase 3 da iniciativa, com investimento total de R$ 10.449.125,53.<\/p>\n\n\n\n<p>O an\u00fancio ocorreu em cerim\u00f4nia, nesta quinta-feira (10), no Terminal Intermodal de Jundia\u00ed (TIJU), com a presen\u00e7a do governador Jo\u00e3o Doria, do prefeito de Jundia\u00ed, Luiz Fernando Machado e chefes do executivo da regi\u00e3o.\u00a0<\/p>\n\n\n\n<div class=\"wp-block-image\"><figure class=\"aligncenter size-large\"><img loading=\"lazy\" decoding=\"async\" width=\"1200\" height=\"800\" src=\"https:\/\/tvtecjundiai.com.br\/news\/wp-content\/uploads\/sites\/2\/2021\/06\/assinatura_novas_vicinais_697-1200x800.jpg\" alt=\"\" class=\"wp-image-77365\" srcset=\"https:\/\/tvtecjundiai.com.br\/news\/wp-content\/uploads\/sites\/2\/2021\/06\/assinatura_novas_vicinais_697-1200x800.jpg 1200w, https:\/\/tvtecjundiai.com.br\/news\/wp-content\/uploads\/sites\/2\/2021\/06\/assinatura_novas_vicinais_697-300x200.jpg 300w, https:\/\/tvtecjundiai.com.br\/news\/wp-content\/uploads\/sites\/2\/2021\/06\/assinatura_novas_vicinais_697-768x512.jpg 768w, https:\/\/tvtecjundiai.com.br\/news\/wp-content\/uploads\/sites\/2\/2021\/06\/assinatura_novas_vicinais_697.jpg 1280w\" sizes=\"auto, (max-width: 1200px) 100vw, 1200px\" \/><figcaption>Luiz Fernando lembrou que os investimentos s\u00e3o de grande import\u00e2ncia para aprimorar a qualidade de vida da popula\u00e7\u00e3o<\/figcaption><\/figure><\/div>\n\n\n\n<p>No TIJU, Luiz Fernando ressaltou os reflexos positivos no cen\u00e1rio econ\u00f4mico da cidade a partir do in\u00edcio da opera\u00e7\u00e3o do terminal intermodal, em 2017. Sobre as obras das vicinais, segundo ele, o efeito n\u00e3o ser\u00e1 apenas recupera\u00e7\u00e3o f\u00edsica das vicinais, mas, sim, nos impactos que trar\u00e1 para a din\u00e2mica da cidade e regi\u00e3o. \u201cOs investimentos nessas duas vias da cidade s\u00e3o de grande import\u00e2ncia, pois viabilizam mais qualidade de vida para a popula\u00e7\u00e3o. A reconstru\u00e7\u00e3o da Marginal do Rio Jundia\u00ed \u00e9 um sonho que se concretiza\u201d, afirmou Luiz Fernando.&nbsp;<\/p>\n\n\n\n<p>Outra a\u00e7\u00e3o anunciada pelo Governo do Estado, hoje, foi a doa\u00e7\u00e3o de 2 mil cestas para o Fundo Social de Solidariedade de Jundia\u00ed, que distribuir\u00e1 para fam\u00edlias vulner\u00e1veis da cidade. Iniciativa social que tem \u00e0 frente a primeira dama do Estado, Bia Doria, e, em \u00e2mbito local, a presidente do FUNSS, Vanessa Machado, ambas presentes na agenda.\u00a0<\/p>\n\n\n\n<div class=\"wp-block-image\"><figure class=\"aligncenter size-large\"><img loading=\"lazy\" decoding=\"async\" width=\"1200\" height=\"800\" src=\"https:\/\/tvtecjundiai.com.br\/news\/wp-content\/uploads\/sites\/2\/2021\/06\/assinatura_novas_vicinais_governador_doria-897-1200x800.jpg\" alt=\"\" class=\"wp-image-77366\" srcset=\"https:\/\/tvtecjundiai.com.br\/news\/wp-content\/uploads\/sites\/2\/2021\/06\/assinatura_novas_vicinais_governador_doria-897-1200x800.jpg 1200w, https:\/\/tvtecjundiai.com.br\/news\/wp-content\/uploads\/sites\/2\/2021\/06\/assinatura_novas_vicinais_governador_doria-897-300x200.jpg 300w, https:\/\/tvtecjundiai.com.br\/news\/wp-content\/uploads\/sites\/2\/2021\/06\/assinatura_novas_vicinais_governador_doria-897-768x512.jpg 768w, https:\/\/tvtecjundiai.com.br\/news\/wp-content\/uploads\/sites\/2\/2021\/06\/assinatura_novas_vicinais_governador_doria-897.jpg 1280w\" sizes=\"auto, (max-width: 1200px) 100vw, 1200px\" \/><figcaption>Jundia\u00ed recebe investimentos para a Marginal do Rio Jundia\u00ed e avenida da Uva<\/figcaption><\/figure><\/div>\n\n\n\n<p>O governador salientou que a proje\u00e7\u00e3o da Funda\u00e7\u00e3o SEADE \u00e9 de que o Estado de S\u00e3o Paulo apresente um crescimento do PIB de 7,6%, o maior dos \u00faltimos 15 anos. \u201cAo todo, s\u00e3o 1.500 quil\u00f4metros de recupera\u00e7\u00e3o em 13 vicinais, t\u00e3o importantes para o escoamento da produ\u00e7\u00e3o no Estado. Todas as obras ser\u00e3o entregues at\u00e9 2023\u201d, declarou o governador. Referente \u00e0 entrega dos vouchers, Doria ainda explicou que cada cesta b\u00e1sica permite alimentar uma fam\u00edlia de at\u00e9 cinco pessoas, pelo per\u00edodo de 21 dias. \u201cIsso \u00e9 exist\u00eancia, o que nos mant\u00e9m vivos\u201d.<\/p>\n\n\n\n<p>Tamb\u00e9m participaram da cerim\u00f4nia o secret\u00e1rio de Log\u00edstica de Transportes do Estado de S\u00e3o Paulo, Edson Caram, o secret\u00e1rio de Desenvolvimento Regional do Estado de S\u00e3o Paulo, Marco Vinholi, o vice-prefeito de Jundia\u00ed, Gustavo Martinelli, gestores da Prefeitura de Jundia\u00ed, vereadores municipais, o CEO da Contrail Log\u00edstica, Rodrigo Paix\u00e3o e o ex-deputado federal Miguel Haddad.<\/p>\n\n\n\n<div class=\"wp-block-image\"><figure class=\"aligncenter size-large\"><img loading=\"lazy\" decoding=\"async\" width=\"1200\" height=\"800\" src=\"https:\/\/tvtecjundiai.com.br\/news\/wp-content\/uploads\/sites\/2\/2021\/06\/assinatura_novas_vicinais_governador_doria-327-1200x800.jpg\" alt=\"\" class=\"wp-image-77367\" srcset=\"https:\/\/tvtecjundiai.com.br\/news\/wp-content\/uploads\/sites\/2\/2021\/06\/assinatura_novas_vicinais_governador_doria-327-1200x800.jpg 1200w, https:\/\/tvtecjundiai.com.br\/news\/wp-content\/uploads\/sites\/2\/2021\/06\/assinatura_novas_vicinais_governador_doria-327-300x200.jpg 300w, https:\/\/tvtecjundiai.com.br\/news\/wp-content\/uploads\/sites\/2\/2021\/06\/assinatura_novas_vicinais_governador_doria-327-768x512.jpg 768w, https:\/\/tvtecjundiai.com.br\/news\/wp-content\/uploads\/sites\/2\/2021\/06\/assinatura_novas_vicinais_governador_doria-327.jpg 1280w\" sizes=\"auto, (max-width: 1200px) 100vw, 1200px\" \/><figcaption>Jundia\u00ed \u00e9 beneficiada com 2.000 cestas b\u00e1sicas<\/figcaption><\/figure><\/div>\n\n\n\n<p><em>(Fonte\/Imagem: Prefeitura de Jundia\u00ed)<\/em><\/p>\n","protected":false},"excerpt":{"rendered":"<p>Obras integram in\u00edcio do programa Novas Estradas Vicinais, que prev\u00ea a recupera\u00e7\u00e3o e requalifica\u00e7\u00e3o do asfalto<\/p>\n","protected":false},"author":25,"featured_media":77366,"comment_status":"closed","ping_status":"closed","sticky":false,"template":"","format":"standard","meta":{"footnotes":""},"categories":[1],"tags":[],"class_list":["post-77364","post","type-post","status-publish","format-standard","has-post-thumbnail","hentry","category-noticias"],"_links":{"self":[{"href":"https:\/\/tvtecjundiai.com.br\/news\/wp-json\/wp\/v2\/posts\/77364","targetHints":{"allow":["GET"]}}],"collection":[{"href":"https:\/\/tvtecjundiai.com.br\/news\/wp-json\/wp\/v2\/posts"}],"about":[{"href":"https:\/\/tvtecjundiai.com.br\/news\/wp-json\/wp\/v2\/types\/post"}],"author":[{"embeddable":true,"href":"https:\/\/tvtecjundiai.com.br\/news\/wp-json\/wp\/v2\/users\/25"}],"replies":[{"embeddable":true,"href":"https:\/\/tvtecjundiai.com.br\/news\/wp-json\/wp\/v2\/comments?post=77364"}],"version-history":[{"count":1,"href":"https:\/\/tvtecjundiai.com.br\/news\/wp-json\/wp\/v2\/posts\/77364\/revisions"}],"predecessor-version":[{"id":77368,"href":"https:\/\/tvtecjundiai.com.br\/news\/wp-json\/wp\/v2\/posts\/77364\/revisions\/77368"}],"wp:featuredmedia":[{"embeddable":true,"href":"https:\/\/tvtecjundiai.com.br\/news\/wp-json\/wp\/v2\/media\/77366"}],"wp:attachment":[{"href":"https:\/\/tvtecjundiai.com.br\/news\/wp-json\/wp\/v2\/media?parent=77364"}],"wp:term":[{"taxonomy":"category","embeddable":true,"href":"https:\/\/tvtecjundiai.com.br\/news\/wp-json\/wp\/v2\/categories?post=77364"},{"taxonomy":"post_tag","embeddable":true,"href":"https:\/\/tvtecjundiai.com.br\/news\/wp-json\/wp\/v2\/tags?post=77364"}],"curies":[{"name":"wp","href":"https:\/\/api.w.org\/{rel}","templated":true}]}}