{"id":77381,"date":"2021-06-11T11:22:35","date_gmt":"2021-06-11T14:22:35","guid":{"rendered":"https:\/\/tvtecjundiai.com.br\/news\/?p=77381"},"modified":"2021-06-11T11:22:35","modified_gmt":"2021-06-11T14:22:35","slug":"com-deficiencia-permanente-menor-casal-do-mundo-toma-vacina-contra-covid-19","status":"publish","type":"post","link":"https:\/\/tvtecjundiai.com.br\/news\/2021\/06\/11\/com-deficiencia-permanente-menor-casal-do-mundo-toma-vacina-contra-covid-19\/","title":{"rendered":"Com defici\u00eancia permanente, &#8216;menor casal do mundo&#8217; toma vacina contra COVID-19"},"content":{"rendered":"\n<p>O casal reconhecido desde 2016 pelo Guinness como o menor do mundo tomou a primeira dose da vacina contra a COVID-19 nesta quinta-feira (10), em Itapeva, interior de S\u00e3o Paulo.<\/p>\n\n\n\n<p>Paulo Gabriel da Silva Barros e Katyucia Barros, de 35 e 32 anos, foram imunizados porque fazem parte do grupo de pessoas com defici\u00eancia permanente, que come\u00e7ou a ser vacinado no estado de S\u00e3o Paulo.<\/p>\n\n\n\n<p>Ao G1, Paulinho Gigante, como \u00e9 conhecido, contou que ele e a esposa s\u00e3o considerados do grupo de risco por causa do nanismo, que al\u00e9m da baixa estatura, acarreta alguns problemas de sa\u00fade, segundo ele. Juntos, eles medem 1,81, j\u00e1 que ambos t\u00eam menos de um metro cada.<\/p>\n\n\n\n<figure class=\"wp-block-image size-large\"><img loading=\"lazy\" decoding=\"async\" width=\"984\" height=\"659\" src=\"https:\/\/tvtecjundiai.com.br\/news\/wp-content\/uploads\/sites\/2\/2021\/06\/casal2.jpg\" alt=\"\" class=\"wp-image-77382\" srcset=\"https:\/\/tvtecjundiai.com.br\/news\/wp-content\/uploads\/sites\/2\/2021\/06\/casal2.jpg 984w, https:\/\/tvtecjundiai.com.br\/news\/wp-content\/uploads\/sites\/2\/2021\/06\/casal2-300x201.jpg 300w, https:\/\/tvtecjundiai.com.br\/news\/wp-content\/uploads\/sites\/2\/2021\/06\/casal2-768x514.jpg 768w\" sizes=\"auto, (max-width: 984px) 100vw, 984px\" \/><figcaption>Com defici\u00eancia permanente, &#8216;menor casal do mundo&#8217; toma vacina contra Covid em Itapeva\u00a0<\/figcaption><\/figure>\n\n\n\n<p>Durante a pandemia, os dois precisaram adaptar a casa onde moram e manter uma rotina de precau\u00e7\u00e3o contra a COVID-19. Paulinho contou que tem medo de pegar a doen\u00e7a, inclusive, porque \u00e9 necess\u00e1ria uma estrutura diferente na UTI para atender pessoas com nanismo.<\/p>\n\n\n\n<p>&#8220;Tanto eu quanto a minha esposa, por n\u00f3s estarmos classificados no grupo de risco, n\u00f3s deixamos basicamente de viver. A gente n\u00e3o est\u00e1 saindo de casa, a gente est\u00e1 evitando ao m\u00e1ximo de receber familiares. Deus o livre n\u00f3s pegarmos a Covid. A gente n\u00e3o sabe como essa doen\u00e7a vai reagir no nosso corpo&#8221;, conta o morador de Itapeva.<\/p>\n\n\n\n<p>Antes de tomar a dose, Paulinho chegou a publicar uma reclama\u00e7\u00e3o nas redes sociais porque n\u00e3o estava conseguindo se vacinar contra a COVID-19. Segundo ele, o munic\u00edpio estava aplicando o imunizante apenas em pessoas com comorbidades, e n\u00e3o com defici\u00eancia permanente.<\/p>\n\n\n\n<p>Apesar disso, a Secretaria de Sa\u00fade da cidade informou que segue o Plano Estadual de Imuniza\u00e7\u00e3o e, at\u00e9 esta quarta-feira (9), estava vacinando apenas moradores com defici\u00eancia permanente que recebem o benef\u00edcio de presta\u00e7\u00e3o continuada (BPC), o que n\u00e3o \u00e9 o caso de Paulo e Katyucia.<\/p>\n\n\n\n<p>Nesta quinta-feira (10), o casal recebeu a not\u00edcia de que poderia tomar a dose e foi at\u00e9 a Unidade B\u00e1sica de Sa\u00fade (UBS) do Parque S\u00e3o Jorge no fim da manh\u00e3.<\/p>\n\n\n\n<p>&#8220;N\u00f3s tomamos a AstraZeneca. Agora vamos tomar a segunda dose em setembro. \u00c9 50% de al\u00edvio, j\u00e1 saiu metade do peso das nossas costas. E claro que, a partir de agora, como j\u00e1 est\u00e1vamos tomando todos os cuidados, a gente vai continuar a mesma coisa porque a gente sabe que n\u00e3o \u00e9 porque voc\u00ea foi vacinado que est\u00e1 100% imune&#8221;, garante o morador.<\/p>\n\n\n\n<p><strong>Sucesso na web<\/strong><\/p>\n\n\n\n<p>Paulo e Katyucia t\u00eam um canal no Youtube com quase 500 mil inscritos. Na p\u00e1gina, os dois mostram a rotina na casa adaptada onde moram e como conseguem se adaptar em tarefas que para muitos s\u00e3o simples. Em um dos v\u00eddeos, o casal mostrou a constru\u00e7\u00e3o da casa adaptada.<\/p>\n\n\n\n<p>O morador de Itapeva tamb\u00e9m come\u00e7ou a gravar receitas com a s\u00e9rie dentro do canal chamada \u2018Mini chef\u2019. Segundo ele, cozinhar tamb\u00e9m representa a supera\u00e7\u00e3o. \u201cMesmo tendo que subir v\u00e1rias vezes uma escada para cozinhar eu amo. E compartilhar isso com o pessoal algumas receitas \u00e9 bom demais\u201d, disse.<\/p>\n\n\n\n<p><strong>Guinness Book<\/strong><\/p>\n\n\n\n<p>Em 2016, o casal foi reconhecido como o menor do mundo e viajou a Londres para conhecer a sede do Guinness Book. Paulo e Katyucia tiveram o recorde reconhecido em setembro, quando se casaram. Paulo tem 90 cent\u00edmetros e Katyucia mede 91 cent\u00edmetros.<\/p>\n\n\n\n<p>Eles se conheceram em 2006, por meio da internet, mas s\u00f3 se encontraram pessoalmente dois anos depois. Na \u00e9poca, o G1 passou um dia com eles. \u201cEle me adicionou, conversamos pelo \u2018MSN\u2019 e ele ficava dando em cima de mim, enchendo o \u2018saco\u2019, at\u00e9 que bloqueei ele\u201d, contou a esposa. Paulinho se defendeu dizendo que era uma &#8220;estrat\u00e9gia do amor&#8221;. \u201cEu estava tentando te conquistar\u201d, brincou.<\/p>\n\n\n\n<p>Na \u00e9poca, Katyucia morava em Londrina (PR) e Paulinho j\u00e1 morava em Itapeva. O bloqueio durou um ano e meio, at\u00e9 que ela resolveu voltar a falar com ele. \u201cEra outro momento. Eu voltei a conversar porque ele estava terminando a faculdade de direito e eu come\u00e7ando\u201d, contou ela.<\/p>\n\n\n\n<p>Depois de oito anos de relacionamento, o casal, que morava junto em Itapeva, resolveu casar em 17 de setembro. Dois m\u00eas ap\u00f3s o casamento, os dois receberam o certificado do livro dos recordes. \u201cHouve uma s\u00e9rie de exig\u00eancias, com documentos e laudos m\u00e9dicos para atestarem nossa altura. Sabemos que antes de n\u00f3s era um casal tr\u00eas cent\u00edmetros mais alto que a gente e que se separou h\u00e1 alguns anos. Ent\u00e3o, o recorde estava vago&#8221;, lembrou Katyucia.<\/p>\n\n\n\n<p><em>(Texto: G1\/Imagem: \u00a0Arquivo pessoal\/Paulo Gabriel da Silva Barros)<\/em><\/p>\n","protected":false},"excerpt":{"rendered":"<p>Paulo e Katyucia moram em Itapeva (SP) e tomaram a primeira dose da AstraZeneca nesta quinta-feira (10)<\/p>\n","protected":false},"author":28,"featured_media":77382,"comment_status":"closed","ping_status":"closed","sticky":false,"template":"","format":"standard","meta":{"footnotes":""},"categories":[8356,1],"tags":[],"class_list":["post-77381","post","type-post","status-publish","format-standard","has-post-thumbnail","hentry","category-jundiai","category-noticias"],"_links":{"self":[{"href":"https:\/\/tvtecjundiai.com.br\/news\/wp-json\/wp\/v2\/posts\/77381","targetHints":{"allow":["GET"]}}],"collection":[{"href":"https:\/\/tvtecjundiai.com.br\/news\/wp-json\/wp\/v2\/posts"}],"about":[{"href":"https:\/\/tvtecjundiai.com.br\/news\/wp-json\/wp\/v2\/types\/post"}],"author":[{"embeddable":true,"href":"https:\/\/tvtecjundiai.com.br\/news\/wp-json\/wp\/v2\/users\/28"}],"replies":[{"embeddable":true,"href":"https:\/\/tvtecjundiai.com.br\/news\/wp-json\/wp\/v2\/comments?post=77381"}],"version-history":[{"count":1,"href":"https:\/\/tvtecjundiai.com.br\/news\/wp-json\/wp\/v2\/posts\/77381\/revisions"}],"predecessor-version":[{"id":77383,"href":"https:\/\/tvtecjundiai.com.br\/news\/wp-json\/wp\/v2\/posts\/77381\/revisions\/77383"}],"wp:featuredmedia":[{"embeddable":true,"href":"https:\/\/tvtecjundiai.com.br\/news\/wp-json\/wp\/v2\/media\/77382"}],"wp:attachment":[{"href":"https:\/\/tvtecjundiai.com.br\/news\/wp-json\/wp\/v2\/media?parent=77381"}],"wp:term":[{"taxonomy":"category","embeddable":true,"href":"https:\/\/tvtecjundiai.com.br\/news\/wp-json\/wp\/v2\/categories?post=77381"},{"taxonomy":"post_tag","embeddable":true,"href":"https:\/\/tvtecjundiai.com.br\/news\/wp-json\/wp\/v2\/tags?post=77381"}],"curies":[{"name":"wp","href":"https:\/\/api.w.org\/{rel}","templated":true}]}}