{"id":77384,"date":"2021-06-11T11:31:16","date_gmt":"2021-06-11T14:31:16","guid":{"rendered":"https:\/\/tvtecjundiai.com.br\/news\/?p=77384"},"modified":"2021-06-11T11:31:16","modified_gmt":"2021-06-11T14:31:16","slug":"festa-italiana-de-jundiai-continua-neste-fim-de-semana-com-sistema-de-retirada","status":"publish","type":"post","link":"https:\/\/tvtecjundiai.com.br\/news\/2021\/06\/11\/festa-italiana-de-jundiai-continua-neste-fim-de-semana-com-sistema-de-retirada\/","title":{"rendered":"Festa Italiana de Jundia\u00ed continua neste fim de semana com sistema de retirada"},"content":{"rendered":"\n<p>A Festa Italiana de Jundia\u00ed continua neste fim de semana. Por conta da pandemia, pelo segundo ano consecutivo, as pessoas precisam ir ao local para retirar as del\u00edcias da festa.<\/p>\n\n\n\n<p>Cerca de 100 volunt\u00e1rios v\u00e3o preparar tudo para atender aos s\u00e1bados, das 18h at\u00e9 as 22h, e aos domingos, das 11h \u00e0s 15h.<\/p>\n\n\n\n<figure class=\"wp-block-image size-large\"><img loading=\"lazy\" decoding=\"async\" width=\"984\" height=\"551\" src=\"https:\/\/tvtecjundiai.com.br\/news\/wp-content\/uploads\/sites\/2\/2021\/06\/festaitaliana.jpg\" alt=\"\" class=\"wp-image-77385\" srcset=\"https:\/\/tvtecjundiai.com.br\/news\/wp-content\/uploads\/sites\/2\/2021\/06\/festaitaliana.jpg 984w, https:\/\/tvtecjundiai.com.br\/news\/wp-content\/uploads\/sites\/2\/2021\/06\/festaitaliana-300x168.jpg 300w, https:\/\/tvtecjundiai.com.br\/news\/wp-content\/uploads\/sites\/2\/2021\/06\/festaitaliana-768x430.jpg 768w\" sizes=\"auto, (max-width: 984px) 100vw, 984px\" \/><figcaption>Cerca de 100 volunt\u00e1rios v\u00e3o preparar tudo para atender aos s\u00e1bados, das 18h at\u00e9 as 22h, e aos domingos, das 11h \u00e0s 15h\u00a0<\/figcaption><\/figure>\n\n\n\n<p>Todo o dinheiro arrecadado na festa ser\u00e1 usado nas obras sociais e na manuten\u00e7\u00e3o da Par\u00f3quia Sagrado Cora\u00e7\u00e3o de Jesus. A par\u00f3quia fica na Rua Humberto Primo,103, no bairro da Col\u00f4nia. A festa vai at\u00e9 o fim de junho.<\/p>\n\n\n\n<p><em>(Texto: G1\/Imagem: Reprodu\u00e7\u00e3o\/TV TEM)<\/em><\/p>\n","protected":false},"excerpt":{"rendered":"<p>O hor\u00e1rio de atendimento \u00e9 aos s\u00e1bados, das 18h \u00e0s 22h, e aos domingos, das 11h \u00e0s 15h<\/p>\n","protected":false},"author":28,"featured_media":77385,"comment_status":"closed","ping_status":"closed","sticky":false,"template":"","format":"standard","meta":{"footnotes":""},"categories":[8356,1],"tags":[],"class_list":["post-77384","post","type-post","status-publish","format-standard","has-post-thumbnail","hentry","category-jundiai","category-noticias"],"_links":{"self":[{"href":"https:\/\/tvtecjundiai.com.br\/news\/wp-json\/wp\/v2\/posts\/77384","targetHints":{"allow":["GET"]}}],"collection":[{"href":"https:\/\/tvtecjundiai.com.br\/news\/wp-json\/wp\/v2\/posts"}],"about":[{"href":"https:\/\/tvtecjundiai.com.br\/news\/wp-json\/wp\/v2\/types\/post"}],"author":[{"embeddable":true,"href":"https:\/\/tvtecjundiai.com.br\/news\/wp-json\/wp\/v2\/users\/28"}],"replies":[{"embeddable":true,"href":"https:\/\/tvtecjundiai.com.br\/news\/wp-json\/wp\/v2\/comments?post=77384"}],"version-history":[{"count":1,"href":"https:\/\/tvtecjundiai.com.br\/news\/wp-json\/wp\/v2\/posts\/77384\/revisions"}],"predecessor-version":[{"id":77386,"href":"https:\/\/tvtecjundiai.com.br\/news\/wp-json\/wp\/v2\/posts\/77384\/revisions\/77386"}],"wp:featuredmedia":[{"embeddable":true,"href":"https:\/\/tvtecjundiai.com.br\/news\/wp-json\/wp\/v2\/media\/77385"}],"wp:attachment":[{"href":"https:\/\/tvtecjundiai.com.br\/news\/wp-json\/wp\/v2\/media?parent=77384"}],"wp:term":[{"taxonomy":"category","embeddable":true,"href":"https:\/\/tvtecjundiai.com.br\/news\/wp-json\/wp\/v2\/categories?post=77384"},{"taxonomy":"post_tag","embeddable":true,"href":"https:\/\/tvtecjundiai.com.br\/news\/wp-json\/wp\/v2\/tags?post=77384"}],"curies":[{"name":"wp","href":"https:\/\/api.w.org\/{rel}","templated":true}]}}