{"id":77387,"date":"2021-06-11T11:39:00","date_gmt":"2021-06-11T14:39:00","guid":{"rendered":"https:\/\/tvtecjundiai.com.br\/news\/?p=77387"},"modified":"2021-06-11T11:39:00","modified_gmt":"2021-06-11T14:39:00","slug":"escola-de-jundiai-participa-de-encontro-sobre-o-desemparedamento-da-infancia","status":"publish","type":"post","link":"https:\/\/tvtecjundiai.com.br\/news\/2021\/06\/11\/escola-de-jundiai-participa-de-encontro-sobre-o-desemparedamento-da-infancia\/","title":{"rendered":"Escola de Jundia\u00ed participa de encontro sobre o desemparedamento da inf\u00e2ncia"},"content":{"rendered":"\n<p>O Centro Internacional de Estudos, Mem\u00f3rias e Pesquisas da Inf\u00e2ncia (CIEMPI) promoveu, na \u00faltima quarta-feira (9) o 2\u00ba Encontro com a EMEB Professora Maria Thereza de Almeida Pontes e Nogueira, que atende alunos de 0 a 3 anos, com o objetivo de discutir o desemparedamento da inf\u00e2ncia, programa da Escola Inovadora que preconiza a promo\u00e7\u00e3o de atividades ao ar livre, em ambiente externos e em contato com a natureza.<\/p>\n\n\n\n<p>O espa\u00e7o escolar tamb\u00e9m foi um dos temas abordados. Os educadores apresentaram fotografias dos espa\u00e7os escolares e a justificativa para a escolha. \u201cIsso possibilitou que os educadores pudessem enxergar a escola de uma outra maneira e come\u00e7ar a observar mais atentamente os espa\u00e7os, qual a pot\u00eancia que cada local revela, especialmente para trabalhar o desemparedamento, sem perder de vista o brincar, que \u00e9 essencial nessa faixa et\u00e1ria e o quanto as crian\u00e7as podem brincar e aprender na e com a natureza\u201d, comenta a supervisora escolar, Cleane Aparecida do Santos.\u00a0<\/p>\n\n\n\n<figure class=\"wp-block-image size-large\"><img loading=\"lazy\" decoding=\"async\" width=\"1200\" height=\"493\" src=\"https:\/\/tvtecjundiai.com.br\/news\/wp-content\/uploads\/sites\/2\/2021\/06\/formacao_ciempi-1-1200x493.jpeg\" alt=\"\" class=\"wp-image-77388\" srcset=\"https:\/\/tvtecjundiai.com.br\/news\/wp-content\/uploads\/sites\/2\/2021\/06\/formacao_ciempi-1-1200x493.jpeg 1200w, https:\/\/tvtecjundiai.com.br\/news\/wp-content\/uploads\/sites\/2\/2021\/06\/formacao_ciempi-1-300x123.jpeg 300w, https:\/\/tvtecjundiai.com.br\/news\/wp-content\/uploads\/sites\/2\/2021\/06\/formacao_ciempi-1-768x315.jpeg 768w, https:\/\/tvtecjundiai.com.br\/news\/wp-content\/uploads\/sites\/2\/2021\/06\/formacao_ciempi-1.jpeg 1271w\" sizes=\"auto, (max-width: 1200px) 100vw, 1200px\" \/><figcaption>Educadores apresentaram imagens do espa\u00e7o escolar<\/figcaption><\/figure>\n\n\n\n<p>Realizado de maneira on-line, o encontro reuniu em torno de 50 educadores entre professores, cozinheiras, agentes operacionais, gest\u00e3o escolar e equipe administrativa. O 3\u00ba encontro ser\u00e1 no 2\u00ba semestre, quando o CIEMPI far\u00e1 um trabalho colaborativo no formato presencial na escola, abordando o contexto investigativo para que as crian\u00e7as possam fazer o uso deles.<\/p>\n\n\n\n<p>\u201cA forma\u00e7\u00e3o permanente de professores \u00e9 um dos tr\u00eas principais pilares da Escola Inovadora e o CIEMPI desenvolve o trabalho para agregar novos conhecimentos e olhares aos nossos educadores\u201d, lembra a gestora de Educa\u00e7\u00e3o, Vast\u00ed Ferrari Marques.<\/p>\n\n\n\n<p><em>(Texto\/Imagem: Prefeitura de Jundia\u00ed)<\/em><\/p>\n","protected":false},"excerpt":{"rendered":"<p>Programa da Prefeitura de Jundia\u00ed  preconiza a promo\u00e7\u00e3o de atividades ao ar livre<\/p>\n","protected":false},"author":28,"featured_media":77388,"comment_status":"closed","ping_status":"closed","sticky":false,"template":"","format":"standard","meta":{"footnotes":""},"categories":[8356,1],"tags":[],"class_list":["post-77387","post","type-post","status-publish","format-standard","has-post-thumbnail","hentry","category-jundiai","category-noticias"],"_links":{"self":[{"href":"https:\/\/tvtecjundiai.com.br\/news\/wp-json\/wp\/v2\/posts\/77387","targetHints":{"allow":["GET"]}}],"collection":[{"href":"https:\/\/tvtecjundiai.com.br\/news\/wp-json\/wp\/v2\/posts"}],"about":[{"href":"https:\/\/tvtecjundiai.com.br\/news\/wp-json\/wp\/v2\/types\/post"}],"author":[{"embeddable":true,"href":"https:\/\/tvtecjundiai.com.br\/news\/wp-json\/wp\/v2\/users\/28"}],"replies":[{"embeddable":true,"href":"https:\/\/tvtecjundiai.com.br\/news\/wp-json\/wp\/v2\/comments?post=77387"}],"version-history":[{"count":1,"href":"https:\/\/tvtecjundiai.com.br\/news\/wp-json\/wp\/v2\/posts\/77387\/revisions"}],"predecessor-version":[{"id":77389,"href":"https:\/\/tvtecjundiai.com.br\/news\/wp-json\/wp\/v2\/posts\/77387\/revisions\/77389"}],"wp:featuredmedia":[{"embeddable":true,"href":"https:\/\/tvtecjundiai.com.br\/news\/wp-json\/wp\/v2\/media\/77388"}],"wp:attachment":[{"href":"https:\/\/tvtecjundiai.com.br\/news\/wp-json\/wp\/v2\/media?parent=77387"}],"wp:term":[{"taxonomy":"category","embeddable":true,"href":"https:\/\/tvtecjundiai.com.br\/news\/wp-json\/wp\/v2\/categories?post=77387"},{"taxonomy":"post_tag","embeddable":true,"href":"https:\/\/tvtecjundiai.com.br\/news\/wp-json\/wp\/v2\/tags?post=77387"}],"curies":[{"name":"wp","href":"https:\/\/api.w.org\/{rel}","templated":true}]}}