{"id":77393,"date":"2021-06-11T14:56:00","date_gmt":"2021-06-11T17:56:00","guid":{"rendered":"https:\/\/tvtecjundiai.com.br\/news\/?p=77393"},"modified":"2021-06-11T15:59:03","modified_gmt":"2021-06-11T18:59:03","slug":"nesta-terca-feira-15-prefeitura-de-jundiai-e-tvtec-abrem-mais-190-vagas-para-cursos-1","status":"publish","type":"post","link":"https:\/\/tvtecjundiai.com.br\/news\/2021\/06\/11\/nesta-terca-feira-15-prefeitura-de-jundiai-e-tvtec-abrem-mais-190-vagas-para-cursos-1\/","title":{"rendered":"Nesta ter\u00e7a-feira (15), Prefeitura de Jundia\u00ed e TVTEC abrem mais 190 vagas para cursos"},"content":{"rendered":"\n<p>Nesta ter\u00e7a-feira (15), a Prefeitura de Jundia\u00ed em parceria com a TVTEC, abre mais 190 vagas para cursos online e gratuitos. As inscri\u00e7\u00f5es acontecem na pr\u00f3xima ter\u00e7a-feira (15), a partir das 10h.<\/p>\n\n\n\n<p>Para este lote, os cursos oferecidos s\u00e3o Oficina de LinkedIn, Planejamento para M\u00eddias Sociais, Edi\u00e7\u00e3o de \u00c1udio para Podcast, Cria\u00e7\u00e3o de Post para Redes Sociais e Aul\u00e3o de Reels. O curso de TikTok Dance segue com as inscri\u00e7\u00f5es abertas e agora est\u00e1 dispon\u00edvel para outras faixas et\u00e1rias a partir dos 12 anos.<\/p>\n\n\n\n<p>As inscri\u00e7\u00f5es acontecem sempre \u00e0s 10h pelo site da TVTEC <a href=\"https:\/\/tvtecjundiai.com.br\/inscricoes\/\">https:\/\/tvtecjundiai.com.br\/inscricoes\/<\/a><\/p>\n\n\n\n<p>Confira abaixo os cursos e hor\u00e1rios oferecidos para este lote:<\/p>\n\n\n\n<p><strong>Lote 3<\/strong><\/p>\n\n\n\n<p><strong>Inscri\u00e7\u00f5es: 15\/06 \u00e0s 10h<\/strong><\/p>\n\n\n\n<ul class=\"wp-block-list\"><li><strong>TIKTOK DANCE<\/strong><\/li><\/ul>\n\n\n\n<p><strong>KALICO SPROCATTE\/ LUCAS MARTINELLI<\/strong><\/p>\n\n\n\n<p>Dias: 16 e 17\/06<\/p>\n\n\n\n<p>Das 16h \u00e0s 18h<\/p>\n\n\n\n<p>40 vagas &#8211; Carga: 4h<\/p>\n\n\n\n<p>Saiba mais: <a href=\"https:\/\/bit.ly\/2QSO8Es\">https:\/\/bit.ly\/2QSO8Es<\/a><\/p>\n\n\n\n<ul class=\"wp-block-list\"><li><strong>OFICINA DE LINKEDIN<\/strong><\/li><\/ul>\n\n\n\n<p><strong>M\u00c1RCIA MALHEIROS&nbsp;<\/strong><\/p>\n\n\n\n<p>Dias: 21 e 23\/06&nbsp;<\/p>\n\n\n\n<p>Das 14h \u00e0s 16h<\/p>\n\n\n\n<p>30 vagas &#8211; Carga: 4h<\/p>\n\n\n\n<p>Saiba mais: <a href=\"https:\/\/bit.ly\/oficinalinkedIn\">https:\/\/bit.ly\/oficinalinkedIn<\/a><\/p>\n\n\n\n<ul class=\"wp-block-list\"><li><strong>PLANEJAMENTO PARA M\u00cdDIAS SOCIAIS<\/strong><\/li><\/ul>\n\n\n\n<p><strong>FL\u00c1VIA CURADO<\/strong><\/p>\n\n\n\n<p>Dias: 24 e 25\/06<\/p>\n\n\n\n<p>Das 14h \u00e0s 16h<\/p>\n\n\n\n<p>30 vagas &#8211; Carga: 4h<\/p>\n\n\n\n<p>Saiba mais: <a href=\"https:\/\/bit.ly\/3uygguB\">https:\/\/bit.ly\/3uygguB<\/a><\/p>\n\n\n\n<ul class=\"wp-block-list\"><li><strong>EDI\u00c7\u00c3O DE \u00c1UDIO P\/PODCAST<\/strong><\/li><\/ul>\n\n\n\n<p><strong>KALICO SPROCATTE<\/strong><\/p>\n\n\n\n<p>Dias: 22 e 23\/06<\/p>\n\n\n\n<p>Das 19h \u00e0s 22h<\/p>\n\n\n\n<p>20 vagas &#8211; Carga: 6h<\/p>\n\n\n\n<p>Saiba mais: <a href=\"https:\/\/bit.ly\/edicaoaudioparapodcast\">https:\/\/bit.ly\/edicaoaudioparapodcast<\/a><\/p>\n\n\n\n<ul class=\"wp-block-list\"><li><strong>CRIA\u00c7\u00c3O DE POST PARA REDES SOCIAIS NO CANVA<\/strong><\/li><\/ul>\n\n\n\n<p><strong>FABIANA PINCINATO&nbsp;<\/strong><\/p>\n\n\n\n<p>Dias: 22 e 23\/06<\/p>\n\n\n\n<p>Das 19h \u00e0s 22h<\/p>\n\n\n\n<p>20 vagas<\/p>\n\n\n\n<p>Saiba mais: <a href=\"https:\/\/bit.ly\/criacaopostredessociais\">https:\/\/bit.ly\/criacaopostredessociais<\/a><\/p>\n\n\n\n<ul class=\"wp-block-list\"><li><strong>AUL\u00c3O DE REELS<\/strong><\/li><\/ul>\n\n\n\n<p><strong>ANDERSON, BRUNA E KALICO<\/strong><\/p>\n\n\n\n<p>Dia: 24\/06<\/p>\n\n\n\n<p>Das 19h \u00e0s 22h<\/p>\n\n\n\n<p>50 vagas &#8211; Carga: 3h<\/p>\n\n\n\n<p>Saiba mais: <a href=\"https:\/\/bit.ly\/aulaoreels\">https:\/\/bit.ly\/aulaoreels<\/a><\/p>\n\n\n\n<p><em>(Texto\/Imagem: TVTEC)<\/em><\/p>\n","protected":false},"excerpt":{"rendered":"<p>Entre os cursos oferecidos neste lote est\u00e3o Edi\u00e7\u00e3o de \u00c1udio para Podcast, Oficina de LinkedIn e TikTok Dance<\/p>\n","protected":false},"author":28,"featured_media":77419,"comment_status":"closed","ping_status":"closed","sticky":false,"template":"","format":"standard","meta":{"footnotes":""},"categories":[1],"tags":[],"class_list":["post-77393","post","type-post","status-publish","format-standard","has-post-thumbnail","hentry","category-noticias"],"_links":{"self":[{"href":"https:\/\/tvtecjundiai.com.br\/news\/wp-json\/wp\/v2\/posts\/77393","targetHints":{"allow":["GET"]}}],"collection":[{"href":"https:\/\/tvtecjundiai.com.br\/news\/wp-json\/wp\/v2\/posts"}],"about":[{"href":"https:\/\/tvtecjundiai.com.br\/news\/wp-json\/wp\/v2\/types\/post"}],"author":[{"embeddable":true,"href":"https:\/\/tvtecjundiai.com.br\/news\/wp-json\/wp\/v2\/users\/28"}],"replies":[{"embeddable":true,"href":"https:\/\/tvtecjundiai.com.br\/news\/wp-json\/wp\/v2\/comments?post=77393"}],"version-history":[{"count":3,"href":"https:\/\/tvtecjundiai.com.br\/news\/wp-json\/wp\/v2\/posts\/77393\/revisions"}],"predecessor-version":[{"id":77428,"href":"https:\/\/tvtecjundiai.com.br\/news\/wp-json\/wp\/v2\/posts\/77393\/revisions\/77428"}],"wp:featuredmedia":[{"embeddable":true,"href":"https:\/\/tvtecjundiai.com.br\/news\/wp-json\/wp\/v2\/media\/77419"}],"wp:attachment":[{"href":"https:\/\/tvtecjundiai.com.br\/news\/wp-json\/wp\/v2\/media?parent=77393"}],"wp:term":[{"taxonomy":"category","embeddable":true,"href":"https:\/\/tvtecjundiai.com.br\/news\/wp-json\/wp\/v2\/categories?post=77393"},{"taxonomy":"post_tag","embeddable":true,"href":"https:\/\/tvtecjundiai.com.br\/news\/wp-json\/wp\/v2\/tags?post=77393"}],"curies":[{"name":"wp","href":"https:\/\/api.w.org\/{rel}","templated":true}]}}