{"id":77396,"date":"2021-06-11T13:18:13","date_gmt":"2021-06-11T16:18:13","guid":{"rendered":"https:\/\/tvtecjundiai.com.br\/news\/?p=77396"},"modified":"2021-06-11T13:18:13","modified_gmt":"2021-06-11T16:18:13","slug":"novos-equipamentos-reduzem-indices-de-pacientes-intubados-no-hospital-sao-vicente","status":"publish","type":"post","link":"https:\/\/tvtecjundiai.com.br\/news\/2021\/06\/11\/novos-equipamentos-reduzem-indices-de-pacientes-intubados-no-hospital-sao-vicente\/","title":{"rendered":"Novos equipamentos reduzem \u00edndices de pacientes intubados no Hospital S\u00e3o Vicente"},"content":{"rendered":"\n<p>O tratamento de pacientes diagnosticados com COVID-19 exige diversos recursos e, em casos mais severos, a intuba\u00e7\u00e3o se faz necess\u00e1ria. No entanto, o avan\u00e7o tecnol\u00f3gico tem contribu\u00eddo pra a busca de novas alternativas, especialmente voltadas para o conforto e bem-estar do paciente. Atento a essas melhorias, o Hospital de Caridade S\u00e3o Vicente de Paulo (HSV) adquiriu nesta semana quatro novos equipamentos chamados de C\u00e2nula Nasal de Alto Fluxo (CNSF). Em casos espec\u00edficos, com avalia\u00e7\u00e3o cl\u00ednica, o mecanismo \u00e9 um recurso que pode evitar o processo invasivo que \u00e9 a intuba\u00e7\u00e3o. Cada equipamento custou R$ 9.750,00.<\/p>\n\n\n\n<div class=\"wp-block-image\"><figure class=\"aligncenter size-large\"><img loading=\"lazy\" decoding=\"async\" width=\"754\" height=\"495\" src=\"https:\/\/tvtecjundiai.com.br\/news\/wp-content\/uploads\/sites\/2\/2021\/06\/HSV-recebe-novas-bases-para-canula-nasal-de-alto-fluxo.jpg\" alt=\"\" class=\"wp-image-77397\" srcset=\"https:\/\/tvtecjundiai.com.br\/news\/wp-content\/uploads\/sites\/2\/2021\/06\/HSV-recebe-novas-bases-para-canula-nasal-de-alto-fluxo.jpg 754w, https:\/\/tvtecjundiai.com.br\/news\/wp-content\/uploads\/sites\/2\/2021\/06\/HSV-recebe-novas-bases-para-canula-nasal-de-alto-fluxo-300x197.jpg 300w\" sizes=\"auto, (max-width: 754px) 100vw, 754px\" \/><figcaption>HSV recebe novas bases para c\u00e2nula nasal de alto fluxo<\/figcaption><\/figure><\/div>\n\n\n\n<p>Inovador, o aparelho promove benef\u00edcios como a diminui\u00e7\u00e3o da resist\u00eancia inspirat\u00f3ria, melhora da complac\u00eancia pulmonar e principalmente da oxigena\u00e7\u00e3o. A umidifica\u00e7\u00e3o e aquecimento tamb\u00e9m podem evitar a desidrata\u00e7\u00e3o da mucosa, manter o mecanismo de autolimpeza da mucosa nasal, reduzir a perda de calor e minimizar o quadro cl\u00ednico no qual a totalidade ou parte de um pulm\u00e3o fica sem ar. O equipamento possui indica\u00e7\u00e3o para quadros cl\u00ednicos espec\u00edficos, quando a intuba\u00e7\u00e3o pode ser substitu\u00edda, e descarta as desvantagens do procedimento, como a seda\u00e7\u00e3o e o jejum.<\/p>\n\n\n\n<p>O investimento foi comemorado pela equipe de fisioterapia, respons\u00e1vel pelo manuseio e acompanhamento dos pacientes em uso do aparelho. \u201cA institui\u00e7\u00e3o j\u00e1 possui 8 bases, totalizando agora 12 equipamentos. A base \u00e9 fixada no carrinho do ventilador, onde a c\u00e2nula \u00e9 inserida. O cateter \u00e9 colocado no nariz do enfermo, com um fluxo de oxig\u00eanio elevado e que pode chegar at\u00e9 60 litros por minuto, al\u00e9m de uma fra\u00e7\u00e3o concentrada de O2 de 21% a 100%. A m\u00e9dia da taxa de efici\u00eancia \u00e9 de 61% nas unidades que utilizamos o recurso com mais frequ\u00eancia. Dentro da literatura mundial, \u00e9 um indicador de sucesso, pois a m\u00e9dia \u00e9 de 40 a 50%\u201d, disse o coordenador da equipe de fisioterapia do HSV, Daniel Gimenez.<\/p>\n\n\n\n<div class=\"wp-block-image\"><figure class=\"aligncenter size-large\"><img loading=\"lazy\" decoding=\"async\" width=\"803\" height=\"960\" src=\"https:\/\/tvtecjundiai.com.br\/news\/wp-content\/uploads\/sites\/2\/2021\/06\/Compacto-aparelho-e-fixado-na-parte-de-baixo-do-ventilador-803x960.jpg\" alt=\"\" class=\"wp-image-77398\" srcset=\"https:\/\/tvtecjundiai.com.br\/news\/wp-content\/uploads\/sites\/2\/2021\/06\/Compacto-aparelho-e-fixado-na-parte-de-baixo-do-ventilador-803x960.jpg 803w, https:\/\/tvtecjundiai.com.br\/news\/wp-content\/uploads\/sites\/2\/2021\/06\/Compacto-aparelho-e-fixado-na-parte-de-baixo-do-ventilador-300x359.jpg 300w, https:\/\/tvtecjundiai.com.br\/news\/wp-content\/uploads\/sites\/2\/2021\/06\/Compacto-aparelho-e-fixado-na-parte-de-baixo-do-ventilador-768x918.jpg 768w, https:\/\/tvtecjundiai.com.br\/news\/wp-content\/uploads\/sites\/2\/2021\/06\/Compacto-aparelho-e-fixado-na-parte-de-baixo-do-ventilador.jpg 955w\" sizes=\"auto, (max-width: 803px) 100vw, 803px\" \/><figcaption>Compacto, aparelho \u00e9 fixado na parte de baixo do ventilador<\/figcaption><\/figure><\/div>\n\n\n\n<p>O profissional explica que inicialmente os aparelhos ser\u00e3o utilizados em unidades de interna\u00e7\u00e3o por COVID-19, mas que posteriormente estar\u00e1 dispon\u00edvel para todos os pacientes que necessitem de suporte respirat\u00f3rio. \u201cN\u00f3s somos gratos \u00e0 institui\u00e7\u00e3o, que por meio desses investimentos, tem proporcionado um atendimento cada vez melhor aos pacientes. Como profissional \u00e9 gratificante fazer parte desse processo e presenciar a recupera\u00e7\u00e3o de cada um\u201d, conta Daniel.<\/p>\n\n\n\n<p><em>(Texto\/Imagem: Assessoria de Imprensa)<\/em><\/p>\n","protected":false},"excerpt":{"rendered":"<p>Os equipamentos podem evitar o processo invasivo que \u00e9 a intuba\u00e7\u00e3o<\/p>\n","protected":false},"author":28,"featured_media":77397,"comment_status":"closed","ping_status":"closed","sticky":false,"template":"","format":"standard","meta":{"footnotes":""},"categories":[8356,1],"tags":[],"class_list":["post-77396","post","type-post","status-publish","format-standard","has-post-thumbnail","hentry","category-jundiai","category-noticias"],"_links":{"self":[{"href":"https:\/\/tvtecjundiai.com.br\/news\/wp-json\/wp\/v2\/posts\/77396","targetHints":{"allow":["GET"]}}],"collection":[{"href":"https:\/\/tvtecjundiai.com.br\/news\/wp-json\/wp\/v2\/posts"}],"about":[{"href":"https:\/\/tvtecjundiai.com.br\/news\/wp-json\/wp\/v2\/types\/post"}],"author":[{"embeddable":true,"href":"https:\/\/tvtecjundiai.com.br\/news\/wp-json\/wp\/v2\/users\/28"}],"replies":[{"embeddable":true,"href":"https:\/\/tvtecjundiai.com.br\/news\/wp-json\/wp\/v2\/comments?post=77396"}],"version-history":[{"count":1,"href":"https:\/\/tvtecjundiai.com.br\/news\/wp-json\/wp\/v2\/posts\/77396\/revisions"}],"predecessor-version":[{"id":77399,"href":"https:\/\/tvtecjundiai.com.br\/news\/wp-json\/wp\/v2\/posts\/77396\/revisions\/77399"}],"wp:featuredmedia":[{"embeddable":true,"href":"https:\/\/tvtecjundiai.com.br\/news\/wp-json\/wp\/v2\/media\/77397"}],"wp:attachment":[{"href":"https:\/\/tvtecjundiai.com.br\/news\/wp-json\/wp\/v2\/media?parent=77396"}],"wp:term":[{"taxonomy":"category","embeddable":true,"href":"https:\/\/tvtecjundiai.com.br\/news\/wp-json\/wp\/v2\/categories?post=77396"},{"taxonomy":"post_tag","embeddable":true,"href":"https:\/\/tvtecjundiai.com.br\/news\/wp-json\/wp\/v2\/tags?post=77396"}],"curies":[{"name":"wp","href":"https:\/\/api.w.org\/{rel}","templated":true}]}}