{"id":77400,"date":"2021-06-11T14:01:38","date_gmt":"2021-06-11T17:01:38","guid":{"rendered":"https:\/\/tvtecjundiai.com.br\/news\/?p=77400"},"modified":"2021-06-11T14:38:56","modified_gmt":"2021-06-11T17:38:56","slug":"conquistar-uma-boa-presenca-nas-midias-sociais-e-o-objetivo-do-curso-da-tvtec-1","status":"publish","type":"post","link":"https:\/\/tvtecjundiai.com.br\/news\/2021\/06\/11\/conquistar-uma-boa-presenca-nas-midias-sociais-e-o-objetivo-do-curso-da-tvtec-1\/","title":{"rendered":"Conquistar uma boa presen\u00e7a nas m\u00eddias sociais \u00e9 o objetivo do curso da TVTEC"},"content":{"rendered":"\n<p>Muito se fala em planejamento para m\u00eddias sociais, mas voc\u00ea sabe realmente o que isto significa? Se ficou na d\u00favida da resposta, o pr\u00f3ximo curso da TVTEC \u00e9 para voc\u00ea. \u201cA otimiza\u00e7\u00e3o do tempo e o planejamento s\u00e3o fundamentais para uma m\u00eddia social de sucesso\u201d, conta a professora do curso \u201cPlanejamento para M\u00eddias Sociais\u201d, Flavia Curado.<\/p>\n\n\n\n<p>Flavia, que \u00e9 formada em Marketing e p\u00f3s-graduada em Comunica\u00e7\u00e3o e Marketing nas M\u00eddias Sociais, lembra que com a programa\u00e7\u00e3o e o planejamento das a\u00e7\u00f5es, \u00e9 poss\u00edvel alinhar ideias com a estrat\u00e9gia de marketing digital. O objetivo \u00e9 sempre \u201cajudar a otimizar o tempo no dia a dia\u201d.<\/p>\n\n\n\n<p>Os benef\u00edcios para as marcas e at\u00e9 mesmo para os perfis pessoais que investem num bom planejamento s\u00e3o v\u00e1rios. \u201cPosicionamento, bem como autoridade e reconhecimento da marca\u201d, cita Flavia. Al\u00e9m disso, a professora lembra que quando se planeja as a\u00e7\u00f5es com anteced\u00eancia, sobra mais tempo para se cuidar do neg\u00f3cio como um todo. \u201cO trabalho com as m\u00eddias fica mais leve, pois voc\u00ea entende o funcionamento de cada parte das m\u00eddias, da cria\u00e7\u00e3o, da estrat\u00e9gia de marketing digital\u201d, diz.<\/p>\n\n\n\n<div class=\"wp-block-image\"><figure class=\"aligncenter size-large is-resized\"><img loading=\"lazy\" decoding=\"async\" src=\"https:\/\/tvtecjundiai.com.br\/news\/wp-content\/uploads\/sites\/2\/2021\/06\/flavia-674x960.jpeg\" alt=\"\" class=\"wp-image-77401\" width=\"325\" height=\"462\" srcset=\"https:\/\/tvtecjundiai.com.br\/news\/wp-content\/uploads\/sites\/2\/2021\/06\/flavia-674x960.jpeg 674w, https:\/\/tvtecjundiai.com.br\/news\/wp-content\/uploads\/sites\/2\/2021\/06\/flavia-768x1095.jpeg 768w, https:\/\/tvtecjundiai.com.br\/news\/wp-content\/uploads\/sites\/2\/2021\/06\/flavia.jpeg 898w\" sizes=\"auto, (max-width: 325px) 100vw, 325px\" \/><figcaption>Flavia Curado ir\u00e1 ministrar o curso<\/figcaption><\/figure><\/div>\n\n\n\n<p>Entre os t\u00f3picos do curso, os alunos ir\u00e3o ver: diferen\u00e7as das m\u00eddias sociais e seus formatos, cria\u00e7\u00e3o de conte\u00fado, como fazer pesquisa de mercado, como criar um calend\u00e1rio editorial, como entender seu p\u00fablico e como criar a\u00e7\u00f5es para gerar engajamento e vendas nas m\u00eddias. \u201cOs alunos ir\u00e3o aprender tamb\u00e9m na pr\u00e1tica como programar suas publica\u00e7\u00f5es de forma gratuita e alguns aplicativos e ferramentas para ajudar no planejamento de conte\u00fado e a\u00e7\u00f5es\u201d, conta Flavia.<\/p>\n\n\n\n<p>As inscri\u00e7\u00f5es para o curso acontecem na pr\u00f3xima ter\u00e7a-feira (15), a partir das 10h, pelo link <a href=\"https:\/\/tvtecjundiai.com.br\/cursos\/\">https:\/\/tvtecjundiai.com.br\/cursos\/<\/a>. O curso acontece nos dias 24 e 25 de junho.<\/p>\n\n\n\n<p><strong>PLANEJAMENTO PARA M\u00cdDIAS SOCIAIS<\/strong><\/p>\n\n\n\n<p><strong>FL\u00c1VIA CURADO<\/strong><\/p>\n\n\n\n<p>Dias: 24 e 25\/06<\/p>\n\n\n\n<p>Das 14h \u00e0s 16h<\/p>\n\n\n\n<p>30 vagas &#8211; Carga: 4h<\/p>\n\n\n\n<p>Saiba mais: <a href=\"https:\/\/bit.ly\/3uygguB\">https:\/\/bit.ly\/3uygguB<\/a><\/p>\n\n\n\n<p><em>(Texto: TVTEC\/Imagem: Arquivo Pessoal) <\/em><\/p>\n","protected":false},"excerpt":{"rendered":"<p>\u201cPlanejamento para m\u00eddias sociais\u201d traz a import\u00e2ncia da comunica\u00e7\u00e3o online para empresas e perfis pessoais<\/p>\n","protected":false},"author":28,"featured_media":77421,"comment_status":"closed","ping_status":"closed","sticky":false,"template":"","format":"standard","meta":{"footnotes":""},"categories":[8356,1],"tags":[],"class_list":["post-77400","post","type-post","status-publish","format-standard","has-post-thumbnail","hentry","category-jundiai","category-noticias"],"_links":{"self":[{"href":"https:\/\/tvtecjundiai.com.br\/news\/wp-json\/wp\/v2\/posts\/77400","targetHints":{"allow":["GET"]}}],"collection":[{"href":"https:\/\/tvtecjundiai.com.br\/news\/wp-json\/wp\/v2\/posts"}],"about":[{"href":"https:\/\/tvtecjundiai.com.br\/news\/wp-json\/wp\/v2\/types\/post"}],"author":[{"embeddable":true,"href":"https:\/\/tvtecjundiai.com.br\/news\/wp-json\/wp\/v2\/users\/28"}],"replies":[{"embeddable":true,"href":"https:\/\/tvtecjundiai.com.br\/news\/wp-json\/wp\/v2\/comments?post=77400"}],"version-history":[{"count":1,"href":"https:\/\/tvtecjundiai.com.br\/news\/wp-json\/wp\/v2\/posts\/77400\/revisions"}],"predecessor-version":[{"id":77403,"href":"https:\/\/tvtecjundiai.com.br\/news\/wp-json\/wp\/v2\/posts\/77400\/revisions\/77403"}],"wp:featuredmedia":[{"embeddable":true,"href":"https:\/\/tvtecjundiai.com.br\/news\/wp-json\/wp\/v2\/media\/77421"}],"wp:attachment":[{"href":"https:\/\/tvtecjundiai.com.br\/news\/wp-json\/wp\/v2\/media?parent=77400"}],"wp:term":[{"taxonomy":"category","embeddable":true,"href":"https:\/\/tvtecjundiai.com.br\/news\/wp-json\/wp\/v2\/categories?post=77400"},{"taxonomy":"post_tag","embeddable":true,"href":"https:\/\/tvtecjundiai.com.br\/news\/wp-json\/wp\/v2\/tags?post=77400"}],"curies":[{"name":"wp","href":"https:\/\/api.w.org\/{rel}","templated":true}]}}