{"id":77404,"date":"2021-06-11T14:09:12","date_gmt":"2021-06-11T17:09:12","guid":{"rendered":"https:\/\/tvtecjundiai.com.br\/news\/?p=77404"},"modified":"2021-06-11T14:09:12","modified_gmt":"2021-06-11T17:09:12","slug":"fundo-social-de-jundiai-divulga-lista-de-matriculados-em-curso-online-para-criacao-de-loja-virtual","status":"publish","type":"post","link":"https:\/\/tvtecjundiai.com.br\/news\/2021\/06\/11\/fundo-social-de-jundiai-divulga-lista-de-matriculados-em-curso-online-para-criacao-de-loja-virtual\/","title":{"rendered":"Fundo Social de Jundia\u00ed divulga lista de matriculados em curso online para cria\u00e7\u00e3o de loja virtual"},"content":{"rendered":"\n<p>O Fundo Social de Solidariedade de Jundia\u00ed (Funss) divulga, nesta sexta-feira (11), a lista de alunos inscritos no curso on-line \u201cEmpreenda R\u00e1pido Senac \u2013 T\u00e9cnicas para a cria\u00e7\u00e3o de uma loja virtual\u201d, que ser\u00e1 realizado em parceria com o Sebrae Jundia\u00ed e o Senac Jundia\u00ed.<\/p>\n\n\n\n<p>As inscri\u00e7\u00f5es foram feitas pela internet e encerradas na quinta-feira (10), \u00e0s 13h. O crit\u00e9rio de preenchimento das vagas foi a ordem de envio do formul\u00e1rio, que considera hora, minuto e segundo. Confira a lista de nomes:<\/p>\n\n\n\n<figure class=\"wp-block-image size-large\"><img loading=\"lazy\" decoding=\"async\" width=\"1000\" height=\"600\" src=\"https:\/\/tvtecjundiai.com.br\/news\/wp-content\/uploads\/sites\/2\/2020\/06\/dicas-para-trabalhar-em-casa-computador.jpg\" alt=\"\" class=\"wp-image-58126\" srcset=\"https:\/\/tvtecjundiai.com.br\/news\/wp-content\/uploads\/sites\/2\/2020\/06\/dicas-para-trabalhar-em-casa-computador.jpg 1000w, https:\/\/tvtecjundiai.com.br\/news\/wp-content\/uploads\/sites\/2\/2020\/06\/dicas-para-trabalhar-em-casa-computador-300x180.jpg 300w, https:\/\/tvtecjundiai.com.br\/news\/wp-content\/uploads\/sites\/2\/2020\/06\/dicas-para-trabalhar-em-casa-computador-768x461.jpg 768w\" sizes=\"auto, (max-width: 1000px) 100vw, 1000px\" \/><\/figure>\n\n\n\n<ol class=\"wp-block-list\" type=\"1\"><li>Tiago Tucci Gon\u00e7alves<\/li><li>Rodolfo Sylv\u00e9rio Zanetta<\/li><li>Camila Lopes loureiro Ferrazzo Zanetta<\/li><li>Sulian de Oliveira Dorta<\/li><li>Francine Raveli de Paula Santos<\/li><li>Wendel Menegace<\/li><li>F\u00e1bio Roberto de Aguiar Mergulh\u00e3o<\/li><li>Camila Siqueira Lansa<\/li><li>Tais de Sousa Oliveira<\/li><li>Maria Valdineide Souza Candello<\/li><li>Eliana Cristina da Silva Prado<\/li><li>Karen Amati Campos<\/li><li>Ana Paula Barbosa da Silva<\/li><li>Francisco Julianderson Lima de Melo<\/li><li>Dayane Carvalho Silva Rostaizer<\/li><li>Juliana Aline Hespanhol Neves Candido<\/li><li>Mariana Munarolo Batista<\/li><li>June Stuque<\/li><li>Renato Dinis<\/li><li>Cec\u00edlia do Prado Gambini Gasparotto<\/li><li>Alisson Alves dos Santos<\/li><li>Reginalda Gomes da Silva<\/li><li>Everton Luiz pinto<\/li><li>Sulamita Valdivino<\/li><li>Mauricio Eduardo Rodrigues<\/li><li>Rafaela da Silva Pinheiro<\/li><li>Caelos Jos\u00e9 Artoni<\/li><li>Lucas Gustavo Rodrigues<\/li><li>Julio Chenovart Cuevas<\/li><li>Daiani Patr\u00edcia Sampaio de Souza<\/li><\/ol>\n\n\n\n<p>As aulas do curso on-line \u201cEmpreenda R\u00e1pido Senac \u2013 T\u00e9cnicas para a cria\u00e7\u00e3o de uma loja virtual\u201d ser\u00e3o realizadas nos dias 21, 22, 23 e 24 de junho, das 14h \u00e0s 18h, e no dia 29 de junho, das 18h \u00e0s 22h. Os alunos poder\u00e3o assistir as aulas pela plataforma virtual Microsoft Teams. O SEBRAE e SENAC ser\u00e3o respons\u00e1veis por informar os inscritos sobre o&nbsp;<em>link<\/em>&nbsp;da Sala Virtual, bem como apoiar o acesso ao sistema.<\/p>\n\n\n\n<p>Informa\u00e7\u00f5es pelos telefones: (11) 4521-2762, 4521-2929 e 4521-6833.<\/p>\n\n\n\n<p><em>(Texto: Prefeitura de Jundia\u00ed\/Imagem: TVTEC)<\/em><\/p>\n","protected":false},"excerpt":{"rendered":"<p>As inscri\u00e7\u00f5es foram feitas pela internet e encerradas na quinta-feira (10), \u00e0s 13h<\/p>\n","protected":false},"author":28,"featured_media":58126,"comment_status":"closed","ping_status":"closed","sticky":false,"template":"","format":"standard","meta":{"footnotes":""},"categories":[8356,1],"tags":[],"class_list":["post-77404","post","type-post","status-publish","format-standard","has-post-thumbnail","hentry","category-jundiai","category-noticias"],"_links":{"self":[{"href":"https:\/\/tvtecjundiai.com.br\/news\/wp-json\/wp\/v2\/posts\/77404","targetHints":{"allow":["GET"]}}],"collection":[{"href":"https:\/\/tvtecjundiai.com.br\/news\/wp-json\/wp\/v2\/posts"}],"about":[{"href":"https:\/\/tvtecjundiai.com.br\/news\/wp-json\/wp\/v2\/types\/post"}],"author":[{"embeddable":true,"href":"https:\/\/tvtecjundiai.com.br\/news\/wp-json\/wp\/v2\/users\/28"}],"replies":[{"embeddable":true,"href":"https:\/\/tvtecjundiai.com.br\/news\/wp-json\/wp\/v2\/comments?post=77404"}],"version-history":[{"count":1,"href":"https:\/\/tvtecjundiai.com.br\/news\/wp-json\/wp\/v2\/posts\/77404\/revisions"}],"predecessor-version":[{"id":77405,"href":"https:\/\/tvtecjundiai.com.br\/news\/wp-json\/wp\/v2\/posts\/77404\/revisions\/77405"}],"wp:featuredmedia":[{"embeddable":true,"href":"https:\/\/tvtecjundiai.com.br\/news\/wp-json\/wp\/v2\/media\/58126"}],"wp:attachment":[{"href":"https:\/\/tvtecjundiai.com.br\/news\/wp-json\/wp\/v2\/media?parent=77404"}],"wp:term":[{"taxonomy":"category","embeddable":true,"href":"https:\/\/tvtecjundiai.com.br\/news\/wp-json\/wp\/v2\/categories?post=77404"},{"taxonomy":"post_tag","embeddable":true,"href":"https:\/\/tvtecjundiai.com.br\/news\/wp-json\/wp\/v2\/tags?post=77404"}],"curies":[{"name":"wp","href":"https:\/\/api.w.org\/{rel}","templated":true}]}}