{"id":77406,"date":"2021-06-11T14:13:05","date_gmt":"2021-06-11T17:13:05","guid":{"rendered":"https:\/\/tvtecjundiai.com.br\/news\/?p=77406"},"modified":"2021-06-11T14:13:05","modified_gmt":"2021-06-11T17:13:05","slug":"conselho-municipal-de-esporte-e-lazer-de-jundiai-elege-novos-representantes","status":"publish","type":"post","link":"https:\/\/tvtecjundiai.com.br\/news\/2021\/06\/11\/conselho-municipal-de-esporte-e-lazer-de-jundiai-elege-novos-representantes\/","title":{"rendered":"Conselho Municipal de Esporte e Lazer de Jundia\u00ed elege novos representantes"},"content":{"rendered":"\n<p>Na \u00faltima quinta-feira, \u00e0s 19h, foi realizada a elei\u00e7\u00e3o para a composi\u00e7\u00e3o do Conselho Municipal de Esporte e Lazer com a participa\u00e7\u00e3o dos inscritos no processo eleitoral. A elei\u00e7\u00e3o foi feita de forma virtual por conta da pandemia.<\/p>\n\n\n\n<p>\u201cO conselho \u00e9 uma das ferramentas que possibilitam aos cidad\u00e3os da sociedade civil uma participa\u00e7\u00e3o ativa no processo de discuss\u00e3o e cria\u00e7\u00e3o de pol\u00edticas p\u00fablicas de esporte e lazer na cidade\u201d, explica o professor Vanderlei Seregati, Gestor Adjunto da Unidade de Gest\u00e3o de Esporte e Lazer (UGEL).<\/p>\n\n\n\n<p><strong>Confira os eleitos dos respectivos segmentos<\/strong>:<\/p>\n\n\n\n<p><strong>Ind\u00fastria<br><\/strong>Titular: Carin Alessandra Marrofino Floresti<br>Suplente: Thiago Bueno Consentino&nbsp;&nbsp;&nbsp;&nbsp;&nbsp;<\/p>\n\n\n\n<p><strong>Com\u00e9rcio e Servi\u00e7o<br><\/strong>Titular: Fernando Pietro Mango<br>Suplente: F\u00e1bio Jos\u00e9 de Souza Paes<\/p>\n\n\n\n<p><strong>Associa\u00e7\u00e3o Esportiva<br><\/strong>Titular: Afonso Antonio Machado<br>Suplente: Sidimar Lucato<\/p>\n\n\n\n<p><strong>Prestadores de Servi\u00e7os e Atividades F\u00edsicas e Esportivas<br><\/strong>Titular: Jos\u00e9 Carlos Maia<br>Suplente: Jos\u00e9 Ernesto Chiorlim<\/p>\n\n\n\n<p><strong>Associa\u00e7\u00f5es Comunit\u00e1rias de Bairros<br><\/strong>Titular: Antonio Carlos Nabas<br>Suplente: Maria Vilma Vieira Beiga<\/p>\n\n\n\n<p><strong>Entidades ligadas \u00e0s pessoas com defici\u00eancia<br><\/strong>Titular: Gabriela Pupo Carneiro<br>Suplente: Eduardo Rabelo Bagne<\/p>\n\n\n\n<p><strong>Entidades ligadas \u00e0 crian\u00e7a<br><\/strong>Titular: Rodrigo Bittencourt<br>Suplente: Priscila Aparecida Ribeiro dos Santos Oliveira<\/p>\n\n\n\n<figure class=\"wp-block-image size-large\"><img loading=\"lazy\" decoding=\"async\" width=\"1200\" height=\"660\" src=\"https:\/\/tvtecjundiai.com.br\/news\/wp-content\/uploads\/sites\/2\/2021\/06\/conselhoesporte-1200x660.jpeg\" alt=\"\" class=\"wp-image-77407\" srcset=\"https:\/\/tvtecjundiai.com.br\/news\/wp-content\/uploads\/sites\/2\/2021\/06\/conselhoesporte-1200x660.jpeg 1200w, https:\/\/tvtecjundiai.com.br\/news\/wp-content\/uploads\/sites\/2\/2021\/06\/conselhoesporte-300x165.jpeg 300w, https:\/\/tvtecjundiai.com.br\/news\/wp-content\/uploads\/sites\/2\/2021\/06\/conselhoesporte-768x422.jpeg 768w, https:\/\/tvtecjundiai.com.br\/news\/wp-content\/uploads\/sites\/2\/2021\/06\/conselhoesporte.jpeg 1280w\" sizes=\"auto, (max-width: 1200px) 100vw, 1200px\" \/><figcaption>Elei\u00e7\u00e3o do Conselho do Esporte foi realizada em reuni\u00e3o virtual, na noite de quinta-feira (10)<\/figcaption><\/figure>\n\n\n\n<p>O Conselho tem o objetivo de analisar e propor diretrizes para a Pol\u00edtica Municipal de Esporte e Lazer, colaborar com os estudos e elabora\u00e7\u00e3o dos planos e programas de expans\u00e3o e desenvolvimento municipal, estudar, definir e propor normas e procedimentos, visando o oferecimento da pr\u00e1tica do esporte em todos os segmentos da\u00a0sociedade,\u00a0atrav\u00e9s dos eixos: educacional e participa\u00e7\u00e3o, forma\u00e7\u00e3o, rendimento e esporte adaptado, contribuir na formula\u00e7\u00e3o de estrat\u00e9gias na execu\u00e7\u00e3o da pol\u00edtica p\u00fablica esportiva do munic\u00edpio; apresentar, discutir e emitir parecer sobre projetos e programas, sugerir a\u00e7\u00f5es e instrumentos de democratiza\u00e7\u00e3o do esporte, colaborar com an\u00e1lise e estudo para o aperfei\u00e7oamento da legisla\u00e7\u00e3o vigente; sugerir e incentivar medidas de forma\u00e7\u00e3o, aperfei\u00e7oamento e valoriza\u00e7\u00e3o dos profissionais do esporte e demais sujeitos ligados a cultura de movimento; promover e incentivar estudos, eventos, campanhas, atividades permanentes e pesquisas na \u00e1rea de esporte e lazer.<\/p>\n\n\n\n<p><em>(Texto\/Imagem: Prefeitura de Jundia\u00ed)<\/em><\/p>\n","protected":false},"excerpt":{"rendered":"<p>A elei\u00e7\u00e3o foi feita de forma virtual por conta da pandemia<\/p>\n","protected":false},"author":28,"featured_media":77407,"comment_status":"closed","ping_status":"closed","sticky":false,"template":"","format":"standard","meta":{"footnotes":""},"categories":[8356,1],"tags":[],"class_list":["post-77406","post","type-post","status-publish","format-standard","has-post-thumbnail","hentry","category-jundiai","category-noticias"],"_links":{"self":[{"href":"https:\/\/tvtecjundiai.com.br\/news\/wp-json\/wp\/v2\/posts\/77406","targetHints":{"allow":["GET"]}}],"collection":[{"href":"https:\/\/tvtecjundiai.com.br\/news\/wp-json\/wp\/v2\/posts"}],"about":[{"href":"https:\/\/tvtecjundiai.com.br\/news\/wp-json\/wp\/v2\/types\/post"}],"author":[{"embeddable":true,"href":"https:\/\/tvtecjundiai.com.br\/news\/wp-json\/wp\/v2\/users\/28"}],"replies":[{"embeddable":true,"href":"https:\/\/tvtecjundiai.com.br\/news\/wp-json\/wp\/v2\/comments?post=77406"}],"version-history":[{"count":1,"href":"https:\/\/tvtecjundiai.com.br\/news\/wp-json\/wp\/v2\/posts\/77406\/revisions"}],"predecessor-version":[{"id":77408,"href":"https:\/\/tvtecjundiai.com.br\/news\/wp-json\/wp\/v2\/posts\/77406\/revisions\/77408"}],"wp:featuredmedia":[{"embeddable":true,"href":"https:\/\/tvtecjundiai.com.br\/news\/wp-json\/wp\/v2\/media\/77407"}],"wp:attachment":[{"href":"https:\/\/tvtecjundiai.com.br\/news\/wp-json\/wp\/v2\/media?parent=77406"}],"wp:term":[{"taxonomy":"category","embeddable":true,"href":"https:\/\/tvtecjundiai.com.br\/news\/wp-json\/wp\/v2\/categories?post=77406"},{"taxonomy":"post_tag","embeddable":true,"href":"https:\/\/tvtecjundiai.com.br\/news\/wp-json\/wp\/v2\/tags?post=77406"}],"curies":[{"name":"wp","href":"https:\/\/api.w.org\/{rel}","templated":true}]}}