{"id":77409,"date":"2021-06-11T14:18:07","date_gmt":"2021-06-11T17:18:07","guid":{"rendered":"https:\/\/tvtecjundiai.com.br\/news\/?p=77409"},"modified":"2021-06-11T16:34:10","modified_gmt":"2021-06-11T19:34:10","slug":"forcas-de-seguranca-de-jundiai-sao-vacinadas-contra-influenza-2","status":"publish","type":"post","link":"https:\/\/tvtecjundiai.com.br\/news\/2021\/06\/11\/forcas-de-seguranca-de-jundiai-sao-vacinadas-contra-influenza-2\/","title":{"rendered":"For\u00e7as de Seguran\u00e7a s\u00e3o vacinadas contra Influenza em Jundia\u00ed"},"content":{"rendered":"\n<p>A Prefeitura de Jundia\u00ed realiza a vacina\u00e7\u00e3o contra influenza (gripe) dos integrantes das corpora\u00e7\u00f5es das For\u00e7as de Seguran\u00e7a de Jundia\u00ed, nesta semana. A aplica\u00e7\u00e3o est\u00e1 sendo feita diretamente nos batalh\u00f5es para facilitar o acesso dos integrantes. A medida \u00e9 mais uma forma de proporcionar a prote\u00e7\u00e3o aos servidores que garantem a seguran\u00e7a da cidade.<\/p>\n\n\n\n<p>\u201cProte\u00e7\u00e3o para quem nos protege. Os profissionais de seguran\u00e7a est\u00e3o nas ruas, diariamente, atuando para a prote\u00e7\u00e3o dos cidad\u00e3os. Facilitar o acesso deste contingente \u00e0 aplica\u00e7\u00e3o de vacinas, seja para COVID-19 ou para influenza, \u00e9 a tarefa da administra\u00e7\u00e3o, planejando o atendimento para todos\u201d, explica o prefeito Luiz Fernando Machado.<\/p>\n\n\n\n<figure class=\"wp-block-image size-large\"><img loading=\"lazy\" decoding=\"async\" width=\"1200\" height=\"800\" src=\"https:\/\/tvtecjundiai.com.br\/news\/wp-content\/uploads\/sites\/2\/2021\/06\/gm3-1200x800.jpg\" alt=\"\" class=\"wp-image-77410\" srcset=\"https:\/\/tvtecjundiai.com.br\/news\/wp-content\/uploads\/sites\/2\/2021\/06\/gm3-1200x800.jpg 1200w, https:\/\/tvtecjundiai.com.br\/news\/wp-content\/uploads\/sites\/2\/2021\/06\/gm3-300x200.jpg 300w, https:\/\/tvtecjundiai.com.br\/news\/wp-content\/uploads\/sites\/2\/2021\/06\/gm3-768x512.jpg 768w, https:\/\/tvtecjundiai.com.br\/news\/wp-content\/uploads\/sites\/2\/2021\/06\/gm3.jpg 1280w\" sizes=\"auto, (max-width: 1200px) 100vw, 1200px\" \/><figcaption>Vacina\u00e7\u00e3o foi realizada nas sedes das corpora\u00e7\u00f5es para o atendimento facilitado dos integrantes<\/figcaption><\/figure>\n\n\n\n<p>De acordo com a enfermeira coordenadora da Vigil\u00e2ncia Epidemiol\u00f3gica (VE), Maria do Carmo Possidente, as datas de vacina\u00e7\u00e3o da gripe aos agentes de seguran\u00e7a foram planejadas para que se respeitasse o intervalo com o calend\u00e1rio da segunda dose da vacina contra a COVID-19. \u201cA segunda dose da vacina da COVID ser\u00e1 realizada no in\u00edcio de julho a todos os policiais, sendo assim j\u00e1 disponibilizamos a vacina\u00e7\u00e3o da gripe aos agentes\u201d. Ela lembra ainda que \u00e9 extremamente importante todos se vacinarem contra o v\u00edrus Influenza para que o corpo esteja imunizado e assim n\u00e3o estar vulner\u00e1vel ao COVID-19. A enfermeira alerta que o v\u00edrus da gripe \u00e9 grave e pode at\u00e9 levar a \u00f3bito.<\/p>\n\n\n\n<figure class=\"wp-block-image size-large\"><img loading=\"lazy\" decoding=\"async\" width=\"1200\" height=\"800\" src=\"https:\/\/tvtecjundiai.com.br\/news\/wp-content\/uploads\/sites\/2\/2021\/06\/gm1-1-1200x800.jpg\" alt=\"\" class=\"wp-image-77413\" srcset=\"https:\/\/tvtecjundiai.com.br\/news\/wp-content\/uploads\/sites\/2\/2021\/06\/gm1-1-1200x800.jpg 1200w, https:\/\/tvtecjundiai.com.br\/news\/wp-content\/uploads\/sites\/2\/2021\/06\/gm1-1-300x200.jpg 300w, https:\/\/tvtecjundiai.com.br\/news\/wp-content\/uploads\/sites\/2\/2021\/06\/gm1-1-768x512.jpg 768w, https:\/\/tvtecjundiai.com.br\/news\/wp-content\/uploads\/sites\/2\/2021\/06\/gm1-1.jpg 1280w\" sizes=\"auto, (max-width: 1200px) 100vw, 1200px\" \/><\/figure>\n\n\n\n<p>A Vigil\u00e2ncia Epidemiol\u00f3gica percorre com as equipes de vacina\u00e7\u00e3o, em hor\u00e1rios determinados, a sede da Guarda Municipal de Jundia\u00ed (no Complexo Fepasa), o 49\u00ba Batalh\u00e3o da Pol\u00edcia Militar (Vila Arens) e ainda na delegacia Seccional (Avenida Nove de Julho).<\/p>\n\n\n\n<p><em>(Texto\/Imagem: Prefeitura de Jundia\u00ed)<\/em><\/p>\n","protected":false},"excerpt":{"rendered":"<p>A aplica\u00e7\u00e3o est\u00e1 sendo feita diretamente nos batalh\u00f5es <\/p>\n","protected":false},"author":28,"featured_media":77410,"comment_status":"closed","ping_status":"closed","sticky":false,"template":"","format":"standard","meta":{"footnotes":""},"categories":[29,8356,1],"tags":[],"class_list":["post-77409","post","type-post","status-publish","format-standard","has-post-thumbnail","hentry","category-destaque","category-jundiai","category-noticias"],"_links":{"self":[{"href":"https:\/\/tvtecjundiai.com.br\/news\/wp-json\/wp\/v2\/posts\/77409","targetHints":{"allow":["GET"]}}],"collection":[{"href":"https:\/\/tvtecjundiai.com.br\/news\/wp-json\/wp\/v2\/posts"}],"about":[{"href":"https:\/\/tvtecjundiai.com.br\/news\/wp-json\/wp\/v2\/types\/post"}],"author":[{"embeddable":true,"href":"https:\/\/tvtecjundiai.com.br\/news\/wp-json\/wp\/v2\/users\/28"}],"replies":[{"embeddable":true,"href":"https:\/\/tvtecjundiai.com.br\/news\/wp-json\/wp\/v2\/comments?post=77409"}],"version-history":[{"count":3,"href":"https:\/\/tvtecjundiai.com.br\/news\/wp-json\/wp\/v2\/posts\/77409\/revisions"}],"predecessor-version":[{"id":77430,"href":"https:\/\/tvtecjundiai.com.br\/news\/wp-json\/wp\/v2\/posts\/77409\/revisions\/77430"}],"wp:featuredmedia":[{"embeddable":true,"href":"https:\/\/tvtecjundiai.com.br\/news\/wp-json\/wp\/v2\/media\/77410"}],"wp:attachment":[{"href":"https:\/\/tvtecjundiai.com.br\/news\/wp-json\/wp\/v2\/media?parent=77409"}],"wp:term":[{"taxonomy":"category","embeddable":true,"href":"https:\/\/tvtecjundiai.com.br\/news\/wp-json\/wp\/v2\/categories?post=77409"},{"taxonomy":"post_tag","embeddable":true,"href":"https:\/\/tvtecjundiai.com.br\/news\/wp-json\/wp\/v2\/tags?post=77409"}],"curies":[{"name":"wp","href":"https:\/\/api.w.org\/{rel}","templated":true}]}}