{"id":77422,"date":"2021-06-11T14:55:20","date_gmt":"2021-06-11T17:55:20","guid":{"rendered":"https:\/\/tvtecjundiai.com.br\/news\/?p=77422"},"modified":"2021-06-11T16:34:52","modified_gmt":"2021-06-11T19:34:52","slug":"16-oportunidades-de-emprego-sao-divulgadas-pelo-pat-nesta-sexta-feira-11","status":"publish","type":"post","link":"https:\/\/tvtecjundiai.com.br\/news\/2021\/06\/11\/16-oportunidades-de-emprego-sao-divulgadas-pelo-pat-nesta-sexta-feira-11\/","title":{"rendered":"16 oportunidades de emprego s\u00e3o divulgadas pelo PAT nesta sexta (11)"},"content":{"rendered":"\n<p>O Portal da Empregabilidade da Prefeitura de Jundia\u00ed (PAT) divulgou em seu site nesta sexta-feira (11), novas vagas de emprego. Confira abaixo algumas das oportunidades:<\/p>\n\n\n\n<p>&#8211; EST\u00c1GIO AVIA\u00c7\u00c3O CIVIL \u2013 01 &#8211; VOA S\u00c3O PAULO<\/p>\n\n\n\n<p>&#8211; EST\u00c1GIO ENGENHARIA CIVIL\/EL\u00c9TRICA \u2013 01 &#8211; VOA S\u00c3O PAULO<\/p>\n\n\n\n<p>&#8211; EST\u00c1GIO MARKETING \u2013 01 &#8211; VOA S\u00c3O PAULO<\/p>\n\n\n\n<p>&#8211; CONTROLADOR DE ACESSO \u2013 02 &#8211; FENIX DO BRASIL SAUDE GESTAO E DESEN<\/p>\n\n\n\n<p>&#8211; AUXILIAR DE LIMPEZA \u2013 02 &#8211; FENIX DO BRASIL SAUDE GESTAO E DESEN<\/p>\n\n\n\n<p>&#8211; SERVI\u00c7OS GERAIS \u2013 01 &#8211; EMPREENDIMENTOS RODOVI\u00c1RIOS COMERIAIS LAGO AZUL<\/p>\n\n\n\n<p>&#8211; ANALISTA COMERCIAL \u2013 01 &#8211; T. F. TRANSPORTES LTDA<\/p>\n\n\n\n<p>&#8211; SERRALHEIRO \u2013 01 &#8211; MEGA RH SERVI\u00c7OS EMPRESARIAIS<\/p>\n\n\n\n<p>&#8211; VIGIA NOTURNO \u2013 02 &#8211; CONGREGACAO AGOSTINIANA MISS DE ASS E EDUCACAO<\/p>\n\n\n\n<p>&#8211; AUX. DE MANUTEN\u00c7\u00c3O E JARDINAGEM \u2013 01 &#8211; CONGREGACAO AGOSTINIANA MISS DE ASS E EDUCACAO<\/p>\n\n\n\n<p>&#8211; L\u00cdDER DE LOG\u00cdSTICA \u2013 01 &#8211; EMKSA SERVICOS DE ENTREGA E TERCEIRIZA\u00c7\u00c3O LTDA<\/p>\n\n\n\n<p>&#8211; AUXILIAR DE FATURAMENTO \u2013 01 &#8211; FIRST BIKES<\/p>\n\n\n\n<p>&#8211; PINTOR \u2013 01 &#8211; MEGA RH SERVI\u00c7OS EMPRESARIAIS<\/p>\n\n\n\n<p>Para concorrer \u00e0s vagas, o candidato deve acessar o site do portal pelo endere\u00e7o <a href=\"https:\/\/web.jundiai.sp.gov.br\/PMJ\/emprega\/Vaga\">https:\/\/web.jundiai.sp.gov.br\/PMJ\/emprega\/Vaga<\/a> e se cadastrar na vaga desejada.<\/p>\n\n\n\n<figure class=\"wp-block-image size-large\"><img loading=\"lazy\" decoding=\"async\" width=\"947\" height=\"715\" src=\"https:\/\/tvtecjundiai.com.br\/news\/wp-content\/uploads\/sites\/2\/2018\/09\/thumbnail_Emiss\u00e3o-de-carteira-de-trabalho-no-PAT-n\u00e3o-precisa-de-agendamento-1-e1537279910573.jpg\" alt=\"\" class=\"wp-image-17276\" srcset=\"https:\/\/tvtecjundiai.com.br\/news\/wp-content\/uploads\/sites\/2\/2018\/09\/thumbnail_Emiss\u00e3o-de-carteira-de-trabalho-no-PAT-n\u00e3o-precisa-de-agendamento-1-e1537279910573.jpg 947w, https:\/\/tvtecjundiai.com.br\/news\/wp-content\/uploads\/sites\/2\/2018\/09\/thumbnail_Emiss\u00e3o-de-carteira-de-trabalho-no-PAT-n\u00e3o-precisa-de-agendamento-1-e1537279910573-300x227.jpg 300w, https:\/\/tvtecjundiai.com.br\/news\/wp-content\/uploads\/sites\/2\/2018\/09\/thumbnail_Emiss\u00e3o-de-carteira-de-trabalho-no-PAT-n\u00e3o-precisa-de-agendamento-1-e1537279910573-768x580.jpg 768w\" sizes=\"auto, (max-width: 947px) 100vw, 947px\" \/><\/figure>\n\n\n\n<p><em>(Texto\/Imagem: TVTEC)<\/em><\/p>\n","protected":false},"excerpt":{"rendered":"<p>Entre as vagas, est\u00e3o oportunidades de marketing, servi\u00e7os gerais e engenharia<\/p>\n","protected":false},"author":28,"featured_media":17276,"comment_status":"closed","ping_status":"closed","sticky":false,"template":"","format":"standard","meta":{"footnotes":""},"categories":[29,8356,1],"tags":[],"class_list":["post-77422","post","type-post","status-publish","format-standard","has-post-thumbnail","hentry","category-destaque","category-jundiai","category-noticias"],"_links":{"self":[{"href":"https:\/\/tvtecjundiai.com.br\/news\/wp-json\/wp\/v2\/posts\/77422","targetHints":{"allow":["GET"]}}],"collection":[{"href":"https:\/\/tvtecjundiai.com.br\/news\/wp-json\/wp\/v2\/posts"}],"about":[{"href":"https:\/\/tvtecjundiai.com.br\/news\/wp-json\/wp\/v2\/types\/post"}],"author":[{"embeddable":true,"href":"https:\/\/tvtecjundiai.com.br\/news\/wp-json\/wp\/v2\/users\/28"}],"replies":[{"embeddable":true,"href":"https:\/\/tvtecjundiai.com.br\/news\/wp-json\/wp\/v2\/comments?post=77422"}],"version-history":[{"count":2,"href":"https:\/\/tvtecjundiai.com.br\/news\/wp-json\/wp\/v2\/posts\/77422\/revisions"}],"predecessor-version":[{"id":77431,"href":"https:\/\/tvtecjundiai.com.br\/news\/wp-json\/wp\/v2\/posts\/77422\/revisions\/77431"}],"wp:featuredmedia":[{"embeddable":true,"href":"https:\/\/tvtecjundiai.com.br\/news\/wp-json\/wp\/v2\/media\/17276"}],"wp:attachment":[{"href":"https:\/\/tvtecjundiai.com.br\/news\/wp-json\/wp\/v2\/media?parent=77422"}],"wp:term":[{"taxonomy":"category","embeddable":true,"href":"https:\/\/tvtecjundiai.com.br\/news\/wp-json\/wp\/v2\/categories?post=77422"},{"taxonomy":"post_tag","embeddable":true,"href":"https:\/\/tvtecjundiai.com.br\/news\/wp-json\/wp\/v2\/tags?post=77422"}],"curies":[{"name":"wp","href":"https:\/\/api.w.org\/{rel}","templated":true}]}}