{"id":77436,"date":"2021-06-11T17:01:30","date_gmt":"2021-06-11T20:01:30","guid":{"rendered":"https:\/\/tvtecjundiai.com.br\/news\/?p=77436"},"modified":"2021-06-11T17:21:31","modified_gmt":"2021-06-11T20:21:31","slug":"jundiai-tem-90-dos-leitos-publicos-de-uti-ocupados-por-pacientes-com-covid-19-1","status":"publish","type":"post","link":"https:\/\/tvtecjundiai.com.br\/news\/2021\/06\/11\/jundiai-tem-90-dos-leitos-publicos-de-uti-ocupados-por-pacientes-com-covid-19-1\/","title":{"rendered":"Jundia\u00ed tem 90% dos leitos p\u00fablicos de UTI ocupados por pacientes com COVID-19"},"content":{"rendered":"\n<p>A Prefeitura de Jundia\u00ed informa que, nesta sexta-feira (11), cinco \u00f3bitos foram contabilizados de residentes na cidade causados pelo Novo Coronav\u00edrus.<\/p>\n\n\n\n<p>Homem, 69 anos, portador de diabetes, doen\u00e7a neurol\u00f3gica e cardiovascular cr\u00f4nicas. Internou 25\/05 e faleceu 04\/06 no hospital S\u00e3o Vicente.<\/p>\n\n\n\n<p>Homem, 40 anos, sem comorbidades registradas. Internou 07\/06 e faleceu 10\/06 na UPA Novo Horizonte.<\/p>\n\n\n\n<p>Homem, 53 anos, portador de doen\u00e7a cardiovascular cr\u00f4nica e diabetes.&nbsp; Internou 21\/05 e faleceu 10\/06 em hospital privado da cidade.<\/p>\n\n\n\n<p>Homem, 81 anos, portador de doen\u00e7a cardiovascular cr\u00f4nica. Internou 03\/06 e faleceu 10\/06 no hospital S\u00e3o Vicente.<\/p>\n\n\n\n<p>Homem, 83 anos, portador de doen\u00e7a cardiovascular e nefropatia cr\u00f4nicas. Internou 08\/06 e faleceu 10\/06 no hospital Regional.<\/p>\n\n\n\n<p>At\u00e9 o momento, a cidade registra 1267 \u00f3bitos causados pela COVID-19 desde o in\u00edcio da pandemia.<\/p>\n\n\n\n<figure class=\"wp-block-image size-large\"><img loading=\"lazy\" decoding=\"async\" width=\"960\" height=\"960\" src=\"https:\/\/tvtecjundiai.com.br\/news\/wp-content\/uploads\/sites\/2\/2021\/06\/slide1-6-960x960.png\" alt=\"\" class=\"wp-image-77437\" srcset=\"https:\/\/tvtecjundiai.com.br\/news\/wp-content\/uploads\/sites\/2\/2021\/06\/slide1-6-960x960.png 960w, https:\/\/tvtecjundiai.com.br\/news\/wp-content\/uploads\/sites\/2\/2021\/06\/slide1-6-300x300.png 300w, https:\/\/tvtecjundiai.com.br\/news\/wp-content\/uploads\/sites\/2\/2021\/06\/slide1-6-100x100.png 100w, https:\/\/tvtecjundiai.com.br\/news\/wp-content\/uploads\/sites\/2\/2021\/06\/slide1-6-768x768.png 768w, https:\/\/tvtecjundiai.com.br\/news\/wp-content\/uploads\/sites\/2\/2021\/06\/slide1-6.png 1280w\" sizes=\"auto, (max-width: 960px) 100vw, 960px\" \/><\/figure>\n\n\n\n<figure class=\"wp-block-image size-large\"><img loading=\"lazy\" decoding=\"async\" width=\"960\" height=\"960\" src=\"https:\/\/tvtecjundiai.com.br\/news\/wp-content\/uploads\/sites\/2\/2021\/06\/slide2-6-960x960.png\" alt=\"\" class=\"wp-image-77438\" srcset=\"https:\/\/tvtecjundiai.com.br\/news\/wp-content\/uploads\/sites\/2\/2021\/06\/slide2-6-960x960.png 960w, https:\/\/tvtecjundiai.com.br\/news\/wp-content\/uploads\/sites\/2\/2021\/06\/slide2-6-300x300.png 300w, https:\/\/tvtecjundiai.com.br\/news\/wp-content\/uploads\/sites\/2\/2021\/06\/slide2-6-100x100.png 100w, https:\/\/tvtecjundiai.com.br\/news\/wp-content\/uploads\/sites\/2\/2021\/06\/slide2-6-768x768.png 768w, https:\/\/tvtecjundiai.com.br\/news\/wp-content\/uploads\/sites\/2\/2021\/06\/slide2-6.png 1280w\" sizes=\"auto, (max-width: 960px) 100vw, 960px\" \/><\/figure>\n\n\n\n<p><em>(Texto\/Imagem: Prefeitura de Jundia\u00ed)<\/em><\/p>\n","protected":false},"excerpt":{"rendered":"<p>Tamb\u00e9m foram contabilizados cinco \u00f3bitos causados pelo Novo Coronav\u00edrus em Jundia\u00ed nesta sexta-feira (11)<\/p>\n","protected":false},"author":28,"featured_media":72786,"comment_status":"closed","ping_status":"closed","sticky":false,"template":"","format":"standard","meta":{"footnotes":""},"categories":[8356,1],"tags":[],"class_list":["post-77436","post","type-post","status-publish","format-standard","has-post-thumbnail","hentry","category-jundiai","category-noticias"],"_links":{"self":[{"href":"https:\/\/tvtecjundiai.com.br\/news\/wp-json\/wp\/v2\/posts\/77436","targetHints":{"allow":["GET"]}}],"collection":[{"href":"https:\/\/tvtecjundiai.com.br\/news\/wp-json\/wp\/v2\/posts"}],"about":[{"href":"https:\/\/tvtecjundiai.com.br\/news\/wp-json\/wp\/v2\/types\/post"}],"author":[{"embeddable":true,"href":"https:\/\/tvtecjundiai.com.br\/news\/wp-json\/wp\/v2\/users\/28"}],"replies":[{"embeddable":true,"href":"https:\/\/tvtecjundiai.com.br\/news\/wp-json\/wp\/v2\/comments?post=77436"}],"version-history":[{"count":1,"href":"https:\/\/tvtecjundiai.com.br\/news\/wp-json\/wp\/v2\/posts\/77436\/revisions"}],"predecessor-version":[{"id":77439,"href":"https:\/\/tvtecjundiai.com.br\/news\/wp-json\/wp\/v2\/posts\/77436\/revisions\/77439"}],"wp:featuredmedia":[{"embeddable":true,"href":"https:\/\/tvtecjundiai.com.br\/news\/wp-json\/wp\/v2\/media\/72786"}],"wp:attachment":[{"href":"https:\/\/tvtecjundiai.com.br\/news\/wp-json\/wp\/v2\/media?parent=77436"}],"wp:term":[{"taxonomy":"category","embeddable":true,"href":"https:\/\/tvtecjundiai.com.br\/news\/wp-json\/wp\/v2\/categories?post=77436"},{"taxonomy":"post_tag","embeddable":true,"href":"https:\/\/tvtecjundiai.com.br\/news\/wp-json\/wp\/v2\/tags?post=77436"}],"curies":[{"name":"wp","href":"https:\/\/api.w.org\/{rel}","templated":true}]}}