{"id":77442,"date":"2021-06-11T17:55:22","date_gmt":"2021-06-11T20:55:22","guid":{"rendered":"https:\/\/tvtecjundiai.com.br\/news\/?p=77442"},"modified":"2021-06-11T17:55:22","modified_gmt":"2021-06-11T20:55:22","slug":"nao-ha-nada-que-justifique-o-nao-uso-da-mascara","status":"publish","type":"post","link":"https:\/\/tvtecjundiai.com.br\/news\/2021\/06\/11\/nao-ha-nada-que-justifique-o-nao-uso-da-mascara\/","title":{"rendered":"N\u00e3o h\u00e1 nada que justifique o n\u00e3o uso da m\u00e1scara"},"content":{"rendered":"\n<p>Em entrevista ao Boletim TVTEC, a gestora adjunta da Unidade de Gest\u00e3o de Promo\u00e7\u00e3o da Sa\u00fade (UGPS), Dayane Martins, alertou que o Pa\u00eds ainda n\u00e3o atingiu um patamar de imuniza\u00e7\u00e3o seguro contra a COVID-19 . \u201cN\u00e3o h\u00e1 nenhum ponto que nos d\u00ea nenhum tipo de seguran\u00e7a que n\u00e3o fa\u00e7a a utiliza\u00e7\u00e3o da m\u00e1scara\u201d, alertou a gestora.<\/p>\n\n\n\n<p>A gestora explicou que at\u00e9 mesmo aqueles que j\u00e1 foram imunizados ainda podem contrair o v\u00edrus \u2013 de uma maneira mais leve e at\u00e9 mesmo assintom\u00e1tica \u2013 e acabar contaminando outras pessoas que ainda n\u00e3o foram imunizadas. Dayane lembrou que, em Jundia\u00ed, 32% da popula\u00e7\u00e3o j\u00e1 recebeu a primeira dose da vacina e 13% receberam a segunda dose. Segundo ela, o panorama ideal para a n\u00e3o utiliza\u00e7\u00e3o da m\u00e1scara seria de 75% da popula\u00e7\u00e3o vacinada.<\/p>\n\n\n\n<p>O assunto veio a tona depois do presidente Jair Bolsonaro afirmar, na \u00faltima quinta-feira (10), que fez um pedido ao ministro da Sa\u00fade, Marcelo Queiroga, de &#8220;parecer&#8221; para desobrigar o uso de m\u00e1scaras para quem estiver vacinado contra a COVID-19 ou por quem j\u00e1 tiver contra\u00eddo a doen\u00e7a. Ap\u00f3s a fala de Jair Bolsonaro, famosos usaram as redes sociais para pedirem o uso de m\u00e1scara.<\/p>\n\n\n\n<figure class=\"wp-block-image size-large\"><img loading=\"lazy\" decoding=\"async\" width=\"1008\" height=\"720\" src=\"https:\/\/tvtecjundiai.com.br\/news\/wp-content\/uploads\/sites\/2\/2021\/06\/mascaras-famosos.jpg\" alt=\"\" class=\"wp-image-77444\" srcset=\"https:\/\/tvtecjundiai.com.br\/news\/wp-content\/uploads\/sites\/2\/2021\/06\/mascaras-famosos.jpg 1008w, https:\/\/tvtecjundiai.com.br\/news\/wp-content\/uploads\/sites\/2\/2021\/06\/mascaras-famosos-300x214.jpg 300w, https:\/\/tvtecjundiai.com.br\/news\/wp-content\/uploads\/sites\/2\/2021\/06\/mascaras-famosos-768x549.jpg 768w\" sizes=\"auto, (max-width: 1008px) 100vw, 1008px\" \/><figcaption>Samantha Schm\u00fctz, Marco Ricca, Camila Pitanga com Antonio Pitanga e Juliana Paiva posam com m\u00e1scara nas redes sociais<\/figcaption><\/figure>\n\n\n\n<p>Na tarde desta sexta-feira (11), em seu perfil no Instagram, o prefeito Luiz Fernando Machado tamb\u00e9m pediu que as pessoas continuem a utilizar o equipamento de prote\u00e7\u00e3o. \u201cUsar a m\u00e1scara \u00e9 um gesto de respeito \u00e0 vida\u201d, disse o prefeito.<\/p>\n\n\n\n<div class=\"wp-block-image\"><figure class=\"aligncenter size-large\"><img loading=\"lazy\" decoding=\"async\" width=\"600\" height=\"599\" src=\"https:\/\/tvtecjundiai.com.br\/news\/wp-content\/uploads\/sites\/2\/2021\/06\/luiz.jpg\" alt=\"\" class=\"wp-image-77445\" srcset=\"https:\/\/tvtecjundiai.com.br\/news\/wp-content\/uploads\/sites\/2\/2021\/06\/luiz.jpg 600w, https:\/\/tvtecjundiai.com.br\/news\/wp-content\/uploads\/sites\/2\/2021\/06\/luiz-300x300.jpg 300w, https:\/\/tvtecjundiai.com.br\/news\/wp-content\/uploads\/sites\/2\/2021\/06\/luiz-100x100.jpg 100w\" sizes=\"auto, (max-width: 600px) 100vw, 600px\" \/><figcaption>Luiz Fernando pediu, em seu Instagram, que popula\u00e7\u00e3o continue a usar a m\u00e1scara de prote\u00e7\u00e3o<\/figcaption><\/figure><\/div>\n\n\n\n<p><em>(Texto: TVTEC\/Foto: Foto: Reprodu\u00e7\u00e3o\/Rede social dos artistas\/Rede social Prefeito)<\/em><\/p>\n","protected":false},"excerpt":{"rendered":"<p>Dayane Martins alertou que Pa\u00eds ainda n\u00e3o atingiu patamar seguro de imuniza\u00e7\u00e3o<\/p>\n","protected":false},"author":28,"featured_media":77446,"comment_status":"closed","ping_status":"closed","sticky":false,"template":"","format":"standard","meta":{"footnotes":""},"categories":[8356,1],"tags":[],"class_list":["post-77442","post","type-post","status-publish","format-standard","has-post-thumbnail","hentry","category-jundiai","category-noticias"],"_links":{"self":[{"href":"https:\/\/tvtecjundiai.com.br\/news\/wp-json\/wp\/v2\/posts\/77442","targetHints":{"allow":["GET"]}}],"collection":[{"href":"https:\/\/tvtecjundiai.com.br\/news\/wp-json\/wp\/v2\/posts"}],"about":[{"href":"https:\/\/tvtecjundiai.com.br\/news\/wp-json\/wp\/v2\/types\/post"}],"author":[{"embeddable":true,"href":"https:\/\/tvtecjundiai.com.br\/news\/wp-json\/wp\/v2\/users\/28"}],"replies":[{"embeddable":true,"href":"https:\/\/tvtecjundiai.com.br\/news\/wp-json\/wp\/v2\/comments?post=77442"}],"version-history":[{"count":2,"href":"https:\/\/tvtecjundiai.com.br\/news\/wp-json\/wp\/v2\/posts\/77442\/revisions"}],"predecessor-version":[{"id":77447,"href":"https:\/\/tvtecjundiai.com.br\/news\/wp-json\/wp\/v2\/posts\/77442\/revisions\/77447"}],"wp:featuredmedia":[{"embeddable":true,"href":"https:\/\/tvtecjundiai.com.br\/news\/wp-json\/wp\/v2\/media\/77446"}],"wp:attachment":[{"href":"https:\/\/tvtecjundiai.com.br\/news\/wp-json\/wp\/v2\/media?parent=77442"}],"wp:term":[{"taxonomy":"category","embeddable":true,"href":"https:\/\/tvtecjundiai.com.br\/news\/wp-json\/wp\/v2\/categories?post=77442"},{"taxonomy":"post_tag","embeddable":true,"href":"https:\/\/tvtecjundiai.com.br\/news\/wp-json\/wp\/v2\/tags?post=77442"}],"curies":[{"name":"wp","href":"https:\/\/api.w.org\/{rel}","templated":true}]}}