{"id":77453,"date":"2021-06-12T10:02:01","date_gmt":"2021-06-12T13:02:01","guid":{"rendered":"https:\/\/tvtecjundiai.com.br\/news\/?p=77453"},"modified":"2021-06-12T10:49:09","modified_gmt":"2021-06-12T13:49:09","slug":"vacinacao-contra-influenza-em-jundiai-tera-aplicacao-sem-agendamento-para-pessoas-com-60-anos-ou-mais-com-comorbidades1","status":"publish","type":"post","link":"https:\/\/tvtecjundiai.com.br\/news\/2021\/06\/12\/vacinacao-contra-influenza-em-jundiai-tera-aplicacao-sem-agendamento-para-pessoas-com-60-anos-ou-mais-com-comorbidades1\/","title":{"rendered":"Vacina\u00e7\u00e3o contra Influenza em Jundia\u00ed ter\u00e1 aplica\u00e7\u00e3o sem agendamento neste s\u00e1bado (12)"},"content":{"rendered":"\n<p>Os idosos com 60 anos ou mais com comorbidades poder\u00e3o comparecer \u00e0 Nova UBS Retiro para receber a dose de vacina contra a Influenza, sem a necessidade de agendamento, neste s\u00e1bado (12), das 8h30 \u00e0s 14h. A a\u00e7\u00e3o \u00e9 mais uma oferta para o p\u00fablico de toda a cidade que ainda n\u00e3o tenha recebido a dose de vacina contra a gripe, receber a aplica\u00e7\u00e3o, de maneira r\u00e1pida.<\/p>\n\n\n\n<p>\u201cA procura pela vacina contra a influenza entre os idosos est\u00e1 abaixo do esperado. Aqueles que j\u00e1 receberam as duas aplica\u00e7\u00f5es contra COVID-19 ou est\u00e3o h\u00e1 14 dias ap\u00f3s a aplica\u00e7\u00e3o, devem procurar pela unidade para o atendimento. Os demais v\u00edrus respirat\u00f3rios permanecem em circula\u00e7\u00e3o e podem causar ocorr\u00eancias graves na popula\u00e7\u00e3o mais vulner\u00e1vel\u201d, comenta a enfermeira da Vigil\u00e2ncia Epidemiol\u00f3gica da Unidade de Gest\u00e3o de Promo\u00e7\u00e3o da Sa\u00fade (UGPS), Maria do Carmo Possidente.<\/p>\n\n\n\n<figure class=\"wp-block-image\"><img decoding=\"async\" src=\"https:\/\/jundiai.sp.gov.br\/noticias\/wp-content\/uploads\/sites\/32\/2021\/06\/vacinacao_influenza_parque-da-uva-3.jpg\" alt=\"\" class=\"wp-image-270118\" \/><\/figure>\n\n\n\n<p>De acordo com os dados da VE, at\u00e9 sexta-feira (11), 32.647 pessoas com 60 anos ou mais tomaram a vacina contra influenza, 2.020 gestantes, 384 pu\u00e9rperas e 16.389 crian\u00e7as entre seis meses e menores de seis anos.<\/p>\n\n\n\n<p>A Nova UBS Retiro est\u00e1 localizada na Rua Maria Lucia Almeida, 100, Retiro.<\/p>\n\n\n\n<p><em>(Texto\/Imagem: Prefeitura de Jundia\u00ed)<\/em><\/p>\n","protected":false},"excerpt":{"rendered":"<p>A Nova UBS Retiro est\u00e1 localizada na Rua Maria Lucia Almeida, 100, Retiro<\/p>\n","protected":false},"author":24,"featured_media":77454,"comment_status":"closed","ping_status":"closed","sticky":false,"template":"","format":"standard","meta":{"footnotes":""},"categories":[8355],"tags":[],"class_list":["post-77453","post","type-post","status-publish","format-standard","has-post-thumbnail","hentry","category-saude-3"],"_links":{"self":[{"href":"https:\/\/tvtecjundiai.com.br\/news\/wp-json\/wp\/v2\/posts\/77453","targetHints":{"allow":["GET"]}}],"collection":[{"href":"https:\/\/tvtecjundiai.com.br\/news\/wp-json\/wp\/v2\/posts"}],"about":[{"href":"https:\/\/tvtecjundiai.com.br\/news\/wp-json\/wp\/v2\/types\/post"}],"author":[{"embeddable":true,"href":"https:\/\/tvtecjundiai.com.br\/news\/wp-json\/wp\/v2\/users\/24"}],"replies":[{"embeddable":true,"href":"https:\/\/tvtecjundiai.com.br\/news\/wp-json\/wp\/v2\/comments?post=77453"}],"version-history":[{"count":2,"href":"https:\/\/tvtecjundiai.com.br\/news\/wp-json\/wp\/v2\/posts\/77453\/revisions"}],"predecessor-version":[{"id":77469,"href":"https:\/\/tvtecjundiai.com.br\/news\/wp-json\/wp\/v2\/posts\/77453\/revisions\/77469"}],"wp:featuredmedia":[{"embeddable":true,"href":"https:\/\/tvtecjundiai.com.br\/news\/wp-json\/wp\/v2\/media\/77454"}],"wp:attachment":[{"href":"https:\/\/tvtecjundiai.com.br\/news\/wp-json\/wp\/v2\/media?parent=77453"}],"wp:term":[{"taxonomy":"category","embeddable":true,"href":"https:\/\/tvtecjundiai.com.br\/news\/wp-json\/wp\/v2\/categories?post=77453"},{"taxonomy":"post_tag","embeddable":true,"href":"https:\/\/tvtecjundiai.com.br\/news\/wp-json\/wp\/v2\/tags?post=77453"}],"curies":[{"name":"wp","href":"https:\/\/api.w.org\/{rel}","templated":true}]}}