{"id":77459,"date":"2021-06-12T10:20:14","date_gmt":"2021-06-12T13:20:14","guid":{"rendered":"https:\/\/tvtecjundiai.com.br\/news\/?p=77459"},"modified":"2021-06-12T10:20:14","modified_gmt":"2021-06-12T13:20:14","slug":"campanha-de-inverno-base-central-da-guarda-municipal-de-jundiai-tem-ponto-de-arrecadacao","status":"publish","type":"post","link":"https:\/\/tvtecjundiai.com.br\/news\/2021\/06\/12\/campanha-de-inverno-base-central-da-guarda-municipal-de-jundiai-tem-ponto-de-arrecadacao\/","title":{"rendered":"Campanha de Inverno: Base Central da Guarda Municipal de Jundia\u00ed tem ponto de arrecada\u00e7\u00e3o"},"content":{"rendered":"\n<p>A Unidade de Seguran\u00e7a Municipal, atrav\u00e9s da Guarda Municipal de Jundia\u00ed, est\u00e1 recebendo doa\u00e7\u00f5es para a Campanha de Inverno do Fundo Social de Solidariedade de Jundia\u00ed (Funss). O ponto de arrecada\u00e7\u00e3o est\u00e1 na Base Central da GMJ, na pra\u00e7a Governador Pedro de Toledo.<\/p>\n\n\n\n<p>De acordo com o inspetor D\u00eanis B\u00earni, respons\u00e1vel pelo programa Bairro Seguro, o local onde est\u00e1 o ponto de arrecada\u00e7\u00e3o de roupas, cobertores e cal\u00e7ados em bom estado \u00e9 frequentado por milhares de pessoas.<\/p>\n\n\n\n<p>\u201c\u00c9 uma campanha importante do Funss. Os guardas, diariamente, orientam e informam os mun\u00edcipes que passam pela rua Bar\u00e3o de Jundia\u00ed, da\u00ed a ideia de ser instalado um ponto de arrecada\u00e7\u00e3o\u201d, comenta.<\/p>\n\n\n\n<figure class=\"wp-block-image\"><img decoding=\"async\" src=\"https:\/\/jundiai.sp.gov.br\/noticias\/wp-content\/uploads\/sites\/32\/2021\/06\/gm-inverno.jpeg\" alt=\"\" class=\"wp-image-270124\" \/><figcaption>Campanha do Fundo Social de Solidariedade conta com ponto de arrecada\u00e7\u00e3o no Centro, na Base da GMJ<\/figcaption><\/figure>\n\n\n\n<p>A Base Central da Guarda Municipal de Jundia\u00ed est\u00e1 localizada na pra\u00e7a Governador Pedro de Toledo, em frente \u00e0 Catedral Nossa Senhora do Desterro. O ponto de arrecada\u00e7\u00e3o ficar\u00e1 no Centro at\u00e9 o final da campanha.<\/p>\n\n\n\n<p>Outra maneira de colaborar com a Campanha de Inverno \u00e9 entrega a doa\u00e7\u00e3o, diretamente, na sede do Fundo Social, que \u00e9 posto permanente de arrecada\u00e7\u00f5es, em Jundia\u00ed. O Funss fica localizado no Parque da Uva e o acesso \u00e9 pela avenida Dona Manoela Lacerda de Vergueiro, s\/n, port\u00e3o 03, bairro Anhangaba\u00fa. O funcionamento da unidade \u00e9 de segunda a sexta-feira, das 8h \u00e0s 17h, exceto feriados.<\/p>\n\n\n\n<p>Al\u00e9m disso, a iniciativa tamb\u00e9m conta com outros postos participantes, como condom\u00ednios residenciais e empresariais, com\u00e9rcios em geral, shoppings e \u00f3rg\u00e3os p\u00fablicos. Os endere\u00e7os est\u00e3o dispon\u00edveis no site oficial da Campanha de Inverno de Jundia\u00ed 2021. Informa\u00e7\u00f5es: (11) 4521-2762, 4521-2929 e 4521-6833.<\/p>\n\n\n\n<p><\/p>\n\n\n\n<p><em>(Texto\/Imagem: Prefeitura de Jundia\u00ed)<\/em><\/p>\n","protected":false},"excerpt":{"rendered":"<p>A Base Central est\u00e1 localizada na pra\u00e7a Governador Pedro de Toledo, em frente \u00e0<\/p>\n","protected":false},"author":24,"featured_media":77460,"comment_status":"closed","ping_status":"closed","sticky":false,"template":"","format":"standard","meta":{"footnotes":""},"categories":[8356,4739],"tags":[],"class_list":["post-77459","post","type-post","status-publish","format-standard","has-post-thumbnail","hentry","category-jundiai","category-policia"],"_links":{"self":[{"href":"https:\/\/tvtecjundiai.com.br\/news\/wp-json\/wp\/v2\/posts\/77459","targetHints":{"allow":["GET"]}}],"collection":[{"href":"https:\/\/tvtecjundiai.com.br\/news\/wp-json\/wp\/v2\/posts"}],"about":[{"href":"https:\/\/tvtecjundiai.com.br\/news\/wp-json\/wp\/v2\/types\/post"}],"author":[{"embeddable":true,"href":"https:\/\/tvtecjundiai.com.br\/news\/wp-json\/wp\/v2\/users\/24"}],"replies":[{"embeddable":true,"href":"https:\/\/tvtecjundiai.com.br\/news\/wp-json\/wp\/v2\/comments?post=77459"}],"version-history":[{"count":1,"href":"https:\/\/tvtecjundiai.com.br\/news\/wp-json\/wp\/v2\/posts\/77459\/revisions"}],"predecessor-version":[{"id":77461,"href":"https:\/\/tvtecjundiai.com.br\/news\/wp-json\/wp\/v2\/posts\/77459\/revisions\/77461"}],"wp:featuredmedia":[{"embeddable":true,"href":"https:\/\/tvtecjundiai.com.br\/news\/wp-json\/wp\/v2\/media\/77460"}],"wp:attachment":[{"href":"https:\/\/tvtecjundiai.com.br\/news\/wp-json\/wp\/v2\/media?parent=77459"}],"wp:term":[{"taxonomy":"category","embeddable":true,"href":"https:\/\/tvtecjundiai.com.br\/news\/wp-json\/wp\/v2\/categories?post=77459"},{"taxonomy":"post_tag","embeddable":true,"href":"https:\/\/tvtecjundiai.com.br\/news\/wp-json\/wp\/v2\/tags?post=77459"}],"curies":[{"name":"wp","href":"https:\/\/api.w.org\/{rel}","templated":true}]}}