{"id":77462,"date":"2021-06-12T10:28:53","date_gmt":"2021-06-12T13:28:53","guid":{"rendered":"https:\/\/tvtecjundiai.com.br\/news\/?p=77462"},"modified":"2021-06-12T10:28:53","modified_gmt":"2021-06-12T13:28:53","slug":"vila-liberdade-de-jundiai-recebe-plano-de-arborizacao-e-ampliacao-de-centro-esportivo","status":"publish","type":"post","link":"https:\/\/tvtecjundiai.com.br\/news\/2021\/06\/12\/vila-liberdade-de-jundiai-recebe-plano-de-arborizacao-e-ampliacao-de-centro-esportivo\/","title":{"rendered":"Vila Liberdade de Jundia\u00ed recebe Plano de Arboriza\u00e7\u00e3o e amplia\u00e7\u00e3o de Centro Esportivo"},"content":{"rendered":"\n<p>Um gin\u00e1sio moderno, com quadra poliesportiva e espa\u00e7os para atividades de todas as idades em meio \u00e0 completa arboriza\u00e7\u00e3o do bairro Vila Liberdade s\u00e3o os investimentos que ser\u00e3o realizados pela Prefeitura de Jundia\u00ed nos pr\u00f3ximos meses. O projeto foi apresentado para moradores, em encontro realizado nesta semana, ao lado da \u00e1rea\u00a0que receber\u00e1 a expans\u00e3o do Complexo Educacional, Cultural e Esportivo (CECE) Ant\u00f4nio Ov\u00eddeo Bueno.\u00a0O investimento, feito com recursos do governo federal, supera a marca de R$ 3 milh\u00f5es e proporcionar\u00e1 ao bairro um novo espa\u00e7o de conviv\u00eancia, nos padr\u00f5es da Rede Latino-Americana de Cidade das Crian\u00e7as e da Rede Urban 95, das quais Jundia\u00ed \u00e9 integrante.<\/p>\n\n\n\n<p>\u201cA composi\u00e7\u00e3o do projeto contempla melhorias para todas as idades, pois o que \u00e9 bom para a crian\u00e7a \u00e9 bom para todos. A expans\u00e3o do Complexo esportivo tradicional de Jundia\u00ed agregar\u00e1 mais espa\u00e7os para a pr\u00e1tica de atividades f\u00edsicas para os idosos e de aulas no sistema de desemparedamento aplicado em Jundia\u00ed\u201d, comenta o gestor da Unidade de Gest\u00e3o de Esporte e Lazer (UGEL), Luiz Tarallo.<\/p>\n\n\n\n<p>As interven\u00e7\u00f5es ter\u00e3o in\u00edcio com o plano de arboriza\u00e7\u00e3o do entorno do complexo esportivo, que hoje \u00e9 alvo de reclama\u00e7\u00f5es dos moradores mais antigos do bairro \u2013 que s\u00e3o maioria \u2013 pelo ambiente inseguro resultante das \u00e1rvores que ocupam a \u00e1rea, causando escurid\u00e3o, e propiciam a perman\u00eancia de usu\u00e1rios de drogas. Outro risco causado por algumas esp\u00e9cies ex\u00f3ticas \u00e9 a interfer\u00eancia na mobilidade para os idosos, j\u00e1 que as ra\u00edzes invadem os passeios e rompem as cal\u00e7adas.&nbsp;Com a amplia\u00e7\u00e3o da \u00e1rea constru\u00edda no centro esportivo, a Prefeitura j\u00e1 tratou de fazer o plantio de 80 novas \u00e1rvores no Jardim Guanabara para compensar aquelas que ser\u00e3o removidas no local da constru\u00e7\u00e3o.<\/p>\n\n\n\n<figure class=\"wp-block-image\"><img decoding=\"async\" src=\"https:\/\/jundiai.sp.gov.br\/noticias\/wp-content\/uploads\/sites\/32\/2021\/06\/reuniao-com-populacao_cece-ovideo-bueno-123.jpg\" alt=\"\" class=\"wp-image-270127\" \/><\/figure>\n\n\n\n<p>\u201cCom o novo projeto de arboriza\u00e7\u00e3o do entorno do gin\u00e1sio, o bairro ser\u00e1 valorizado e a popula\u00e7\u00e3o passar\u00e1 a contar o programa P\u00e9 de Inf\u00e2ncia e P\u00e9 de \u00c1rvore, al\u00e9m de mais espa\u00e7o esportivo e a requalifica\u00e7\u00e3o das \u00e1reas p\u00fablicas proporcionando maior seguran\u00e7a e tranquilidade para as atividades com toda a fam\u00edlia\u201d, explica o gestor da Unidade de Gest\u00e3o de Infraestrutura e Servi\u00e7os P\u00fablicos (UGISP), Adilson Rosa.<\/p>\n\n\n\n<p>Para Jos\u00e9 Macrino, 78 anos, morador no bairro h\u00e1 d\u00e9cadas, a iniciativa \u00e9 muito importante. \u201cAs melhorias v\u00e3o proporcionar maior seguran\u00e7a para n\u00f3s, moradores. A maioria aqui \u00e9 idosa e espa\u00e7os mais adequados para que possamos usar com seguran\u00e7a.&nbsp; Tudo isso vai retirar os usu\u00e1rios de drogas da \u00e1rea\u201d, comenta.&nbsp;<\/p>\n\n\n\n<p>Vanessa T\u00e2mega Dalaqua, 41 anos, mora no bairro desde a inf\u00e2ncia e quer ver as ruas e pra\u00e7as abertas para as crian\u00e7as, assim como ela pode usar com os pais. \u201cA pra\u00e7a tinha espa\u00e7o para que pud\u00e9ssemos andar de bicicleta. Com as melhorias e o gin\u00e1sio teremos mais espa\u00e7os para as fam\u00edlias poderem usar\u201d, explica a moradora.<\/p>\n\n\n\n<p><em>(Texto\/Imagem: Prefeitura de Jundia\u00ed)<\/em><\/p>\n","protected":false},"excerpt":{"rendered":"<p>Apresenta\u00e7\u00e3o do projeto foi feita pelos gestores municipais aos moradores do bairro<\/p>\n","protected":false},"author":24,"featured_media":77463,"comment_status":"closed","ping_status":"closed","sticky":false,"template":"","format":"standard","meta":{"footnotes":""},"categories":[8356],"tags":[],"class_list":["post-77462","post","type-post","status-publish","format-standard","has-post-thumbnail","hentry","category-jundiai"],"_links":{"self":[{"href":"https:\/\/tvtecjundiai.com.br\/news\/wp-json\/wp\/v2\/posts\/77462","targetHints":{"allow":["GET"]}}],"collection":[{"href":"https:\/\/tvtecjundiai.com.br\/news\/wp-json\/wp\/v2\/posts"}],"about":[{"href":"https:\/\/tvtecjundiai.com.br\/news\/wp-json\/wp\/v2\/types\/post"}],"author":[{"embeddable":true,"href":"https:\/\/tvtecjundiai.com.br\/news\/wp-json\/wp\/v2\/users\/24"}],"replies":[{"embeddable":true,"href":"https:\/\/tvtecjundiai.com.br\/news\/wp-json\/wp\/v2\/comments?post=77462"}],"version-history":[{"count":1,"href":"https:\/\/tvtecjundiai.com.br\/news\/wp-json\/wp\/v2\/posts\/77462\/revisions"}],"predecessor-version":[{"id":77464,"href":"https:\/\/tvtecjundiai.com.br\/news\/wp-json\/wp\/v2\/posts\/77462\/revisions\/77464"}],"wp:featuredmedia":[{"embeddable":true,"href":"https:\/\/tvtecjundiai.com.br\/news\/wp-json\/wp\/v2\/media\/77463"}],"wp:attachment":[{"href":"https:\/\/tvtecjundiai.com.br\/news\/wp-json\/wp\/v2\/media?parent=77462"}],"wp:term":[{"taxonomy":"category","embeddable":true,"href":"https:\/\/tvtecjundiai.com.br\/news\/wp-json\/wp\/v2\/categories?post=77462"},{"taxonomy":"post_tag","embeddable":true,"href":"https:\/\/tvtecjundiai.com.br\/news\/wp-json\/wp\/v2\/tags?post=77462"}],"curies":[{"name":"wp","href":"https:\/\/api.w.org\/{rel}","templated":true}]}}