{"id":77475,"date":"2021-06-12T16:17:32","date_gmt":"2021-06-12T19:17:32","guid":{"rendered":"https:\/\/tvtecjundiai.com.br\/news\/?p=77475"},"modified":"2021-06-12T16:19:03","modified_gmt":"2021-06-12T19:19:03","slug":"conferencia-da-pessoa-com-deficiencia-de-jundiai-sera-realizada-em-julho1","status":"publish","type":"post","link":"https:\/\/tvtecjundiai.com.br\/news\/2021\/06\/12\/conferencia-da-pessoa-com-deficiencia-de-jundiai-sera-realizada-em-julho1\/","title":{"rendered":"Confer\u00eancia da Pessoa com Defici\u00eancia de Jundia\u00ed ser\u00e1 realizada em julho"},"content":{"rendered":"\n<p>Nos dias 14 e 15 de julho, o Conselho Municipal dos Direitos da Pessoa com Defici\u00eancia (CMDPCD) de Jundia\u00ed realizar\u00e1 a&nbsp;XIII Confer\u00eancia Municipal dos Direitos da Pessoa com Defici\u00eancia, com transmiss\u00e3o ao vivo pelas plataformas digitais e m\u00eddias sociais da TVTEC. Com a participa\u00e7\u00e3o do prefeito Luiz Fernando Machado, o objetivo do encontro \u00e9 debater temas de interesse com foco na transforma\u00e7\u00e3o social e elei\u00e7\u00e3o da nova forma\u00e7\u00e3o do conselho.<\/p>\n\n\n\n<p>De acordo com o Assessor de Pol\u00edticas para Pessoas com Defici\u00eancia, Marco Antonio dos Santos, a atividade faz parte do trabalho desenvolvido pelo Conselho e refor\u00e7a a import\u00e2ncia do tema no desenvolvimento de Pol\u00edticas P\u00fablicas para a cidade.<\/p>\n\n\n\n<p>Para a presidente do CMDPCD, Ivanilde Oliveira, a realiza\u00e7\u00e3o virtual \u00e9 uma inova\u00e7\u00e3o. \u201cA pandemia exige da sociedade a reinven\u00e7\u00e3o. O conselho, a partir da parceria com a TVTEC, promove a realiza\u00e7\u00e3o da transmiss\u00e3o para que todas as pessoas com defici\u00eancia e a popula\u00e7\u00e3o em geral possam participar na discuss\u00e3o de temas relacionados com as necessidades como Sa\u00fade e assist\u00eancia&nbsp;Social,&nbsp; Acessibilidade e transporte al\u00e9m de Educa\u00e7\u00e3o e Esporte\u201d, detalha.<\/p>\n\n\n\n<figure class=\"wp-block-image\"><img decoding=\"async\" src=\"https:\/\/jundiai.sp.gov.br\/noticias\/wp-content\/uploads\/sites\/32\/2021\/06\/vacinacao-covid_pcd_cece-aramis-polli-117.jpg\" alt=\"Imagem mostra homem em cadeira de rodas. detalhe est\u00e1 nas m\u00e3os e rodas.\" class=\"wp-image-270174\" \/><figcaption>O objetivo do encontro \u00e9 debater temas de interesse com foco na transforma\u00e7\u00e3o social e elei\u00e7\u00e3o da nova forma\u00e7\u00e3o do conselho<\/figcaption><\/figure>\n\n\n\n<p><a href=\"https:\/\/docs.google.com\/forms\/d\/e\/1FAIpQLSdA2P_IHgVnawwnWSlO3q6zGIOwF9M7_hZF9C5YVanfrdjJtw\/viewform\">Inscri\u00e7\u00f5es para a participa\u00e7\u00e3o<\/a><\/p>\n\n\n\n<p>Confirma a programa\u00e7\u00e3o:<\/p>\n\n\n\n<p>Dia 14\/07 \u2013 10h00 \u00e0 11h30<\/p>\n\n\n\n<p>Apresenta\u00e7\u00e3o de dan\u00e7a PEAMA.<\/p>\n\n\n\n<p>Participa\u00e7\u00e3o de autoridades:&nbsp; Prefeito Luiz Fernando Machado, Dr. Gustavo L.C. Maryssael \u2013 Chefe da Casa Civil, Faouaz Taha \u2013 Presidente da C\u00e2mara Municipal<\/p>\n\n\n\n<p>Mesa Redonda Tema \u201d Conselho de direitos como instrumento de transforma\u00e7\u00e3o&nbsp;social\u201d. Participa\u00e7\u00e3o do Sr. Paulo Ferronato, militante pelos direitos das Pessoas com defici\u00eancia e Presidente do Conselho Municipal dos Direitos da Pessoa com Defici\u00eancia de Xanxer\u00ea \u2013 SC , Marco Antonio dos Santos Psic\u00f3logo, Assessor de Pol\u00edticas para a&nbsp;Pessoa com Defici\u00eancia e Ivanilde Oliveira de Jesus Presidente CMDPCD \u2013 Jundia\u00ed,&nbsp; com a media\u00e7\u00e3o de M\u00e1rcio Miguel TVTEC.<\/p>\n\n\n\n<p><strong>Dia 14\/07 \u2013 14h \u00e0s 16h \u2013 On-line Plataforma Digital<br><\/strong>Discuss\u00e3o eixos tem\u00e1ticos:&nbsp;<br>I \u2013 Sa\u00fade e assist\u00eancia&nbsp;Social,&nbsp;II \u2013 Acessibilidade e transporte,&nbsp;III \u2013 Educa\u00e7\u00e3o e Esporte.<\/p>\n\n\n\n<p><strong>Dia 15\/07 \u2013 14h \u00e0s 16h \u2013 On-line Plataforma Digital<br><\/strong>Elei\u00e7\u00e3o dos representantes da sociedade civil para gest\u00e3o do CMDPCD 2021-2023.<\/p>\n\n\n\n<ul class=\"wp-block-list\"><li>Movimentos e associa\u00e7\u00f5es de pessoas com defici\u00eancia<\/li><li>&nbsp;Prestadoras de servi\u00e7os na \u00e1rea da pessoa com defici\u00eancia<\/li><li>&nbsp;Entidades sociais e\/ou associa\u00e7\u00f5es comunit\u00e1rias<\/li><li>&nbsp;Ordem dos Advogados do Brasil \u2013 33\u00aa subse\u00e7\u00e3o&nbsp;Jundia\u00ed<\/li><\/ul>\n\n\n\n<p><em>(Texto\/Imagem: Prefeitura de Jundia\u00ed)<\/em><\/p>\n","protected":false},"excerpt":{"rendered":"<p>o encontro acontece nos dias 14 e 15 de julho<\/p>\n","protected":false},"author":24,"featured_media":77476,"comment_status":"closed","ping_status":"closed","sticky":false,"template":"","format":"standard","meta":{"footnotes":""},"categories":[8356],"tags":[],"class_list":["post-77475","post","type-post","status-publish","format-standard","has-post-thumbnail","hentry","category-jundiai"],"_links":{"self":[{"href":"https:\/\/tvtecjundiai.com.br\/news\/wp-json\/wp\/v2\/posts\/77475","targetHints":{"allow":["GET"]}}],"collection":[{"href":"https:\/\/tvtecjundiai.com.br\/news\/wp-json\/wp\/v2\/posts"}],"about":[{"href":"https:\/\/tvtecjundiai.com.br\/news\/wp-json\/wp\/v2\/types\/post"}],"author":[{"embeddable":true,"href":"https:\/\/tvtecjundiai.com.br\/news\/wp-json\/wp\/v2\/users\/24"}],"replies":[{"embeddable":true,"href":"https:\/\/tvtecjundiai.com.br\/news\/wp-json\/wp\/v2\/comments?post=77475"}],"version-history":[{"count":2,"href":"https:\/\/tvtecjundiai.com.br\/news\/wp-json\/wp\/v2\/posts\/77475\/revisions"}],"predecessor-version":[{"id":77479,"href":"https:\/\/tvtecjundiai.com.br\/news\/wp-json\/wp\/v2\/posts\/77475\/revisions\/77479"}],"wp:featuredmedia":[{"embeddable":true,"href":"https:\/\/tvtecjundiai.com.br\/news\/wp-json\/wp\/v2\/media\/77476"}],"wp:attachment":[{"href":"https:\/\/tvtecjundiai.com.br\/news\/wp-json\/wp\/v2\/media?parent=77475"}],"wp:term":[{"taxonomy":"category","embeddable":true,"href":"https:\/\/tvtecjundiai.com.br\/news\/wp-json\/wp\/v2\/categories?post=77475"},{"taxonomy":"post_tag","embeddable":true,"href":"https:\/\/tvtecjundiai.com.br\/news\/wp-json\/wp\/v2\/tags?post=77475"}],"curies":[{"name":"wp","href":"https:\/\/api.w.org\/{rel}","templated":true}]}}