{"id":77480,"date":"2021-06-12T16:39:50","date_gmt":"2021-06-12T19:39:50","guid":{"rendered":"https:\/\/tvtecjundiai.com.br\/news\/?p=77480"},"modified":"2021-06-12T16:39:50","modified_gmt":"2021-06-12T19:39:50","slug":"jundiai-registra-dez-obitos-por-covid-19-neste-sabado-12","status":"publish","type":"post","link":"https:\/\/tvtecjundiai.com.br\/news\/2021\/06\/12\/jundiai-registra-dez-obitos-por-covid-19-neste-sabado-12\/","title":{"rendered":"Jundia\u00ed registra dez \u00f3bitos por COVID-19 neste s\u00e1bado (12)"},"content":{"rendered":"\n<p>A Prefeitura de Jundia\u00ed informa que, neste s\u00e1bado (12), &nbsp;dez \u00f3bitos foram contabilizados de residentes na cidade causados pelo Novo Coronav\u00edrus.<\/p>\n\n\n\n<p>Homem, 77 anos, portador de doen\u00e7a cardiovascular cr\u00f4nica e diabetes. Internou 07\/06 e faleceu 11\/06 no Hospital S\u00e3o Vicente.<\/p>\n\n\n\n<p>Homem, 86 anos, sem comorbidades registradas. Internou 04\/06 e faleceu 10\/06 no Hospital S\u00e3o Vicente.<\/p>\n\n\n\n<p>Mulher, 64 anos, sem comorbidades registradas. Internou 02\/05 e faleceu 11\/06 no Hospital S\u00e3o Vicente.<\/p>\n\n\n\n<p>Mulher, 59 anos , sem comorbidades registradas. Internou 08\/06 e faleceu 12\/06 no Hospital S\u00e3o Vicente.<\/p>\n\n\n\n<p>Mulher, 90 anos, portadora de doen\u00e7a cardiovascular cr\u00f4nica. Internou 09\/06 e faleceu 11\/06 em hospital privado da cidade.<\/p>\n\n\n\n<p>Homem, 48 anos, obeso. Internou 03\/06 e faleceu 12\/06 no Hospital S\u00e3o Vicente.<\/p>\n\n\n\n<p>Mulher, 76 anos, portadora de doen\u00e7a cardiovascular cr\u00f4nica e diabetes. Faleceu 06\/06 na resid\u00eancia.<\/p>\n\n\n\n<p>Mulher, 26 anos, obesa. Internou 03\/06 e faleceu 06\/06 na UPA.<\/p>\n\n\n\n<p>Mulher, 94 anos, portadora de doen\u00e7a cardiovascular cr\u00f4nica e diabetes. Internou 08\/06 e faleceu 11\/06 no Hospital S\u00e3o Vicente.<\/p>\n\n\n\n<p>Mulher, 79 anos, portadora de doen\u00e7a neurol\u00f3gica cr\u00f4nica e diabetes. Internou 09\/06 e faleceu 12\/06 no Hospital S\u00e3o Vicente.<\/p>\n\n\n\n<p>At\u00e9 o momento, a cidade registra 1.277 \u00f3bitos causados pela COVID-19 desde o in\u00edcio da pandemia.<\/p>\n\n\n\n<figure class=\"wp-block-image\"><img decoding=\"async\" src=\"https:\/\/jundiai.sp.gov.br\/noticias\/wp-content\/uploads\/sites\/32\/2021\/06\/slide1-5-960x960.jpg\" alt=\"\" class=\"wp-image-270193\" \/><\/figure>\n\n\n\n<figure class=\"wp-block-image\"><img decoding=\"async\" src=\"https:\/\/jundiai.sp.gov.br\/noticias\/wp-content\/uploads\/sites\/32\/2021\/06\/slide2-4-960x960.jpg\" alt=\"\" class=\"wp-image-270194\" \/><\/figure>\n\n\n\n<p><em>(Texto\/Imagem: Prefeitura de Jundia\u00ed)<\/em><\/p>\n","protected":false},"excerpt":{"rendered":"<p>At\u00e9 o momento, a cidade registra 1.277 \u00f3bitos causados pela COVID-19 desde o in\u00edcio da pandemia<\/p>\n","protected":false},"author":24,"featured_media":74771,"comment_status":"closed","ping_status":"closed","sticky":false,"template":"","format":"standard","meta":{"footnotes":""},"categories":[8356],"tags":[],"class_list":["post-77480","post","type-post","status-publish","format-standard","has-post-thumbnail","hentry","category-jundiai"],"_links":{"self":[{"href":"https:\/\/tvtecjundiai.com.br\/news\/wp-json\/wp\/v2\/posts\/77480","targetHints":{"allow":["GET"]}}],"collection":[{"href":"https:\/\/tvtecjundiai.com.br\/news\/wp-json\/wp\/v2\/posts"}],"about":[{"href":"https:\/\/tvtecjundiai.com.br\/news\/wp-json\/wp\/v2\/types\/post"}],"author":[{"embeddable":true,"href":"https:\/\/tvtecjundiai.com.br\/news\/wp-json\/wp\/v2\/users\/24"}],"replies":[{"embeddable":true,"href":"https:\/\/tvtecjundiai.com.br\/news\/wp-json\/wp\/v2\/comments?post=77480"}],"version-history":[{"count":1,"href":"https:\/\/tvtecjundiai.com.br\/news\/wp-json\/wp\/v2\/posts\/77480\/revisions"}],"predecessor-version":[{"id":77481,"href":"https:\/\/tvtecjundiai.com.br\/news\/wp-json\/wp\/v2\/posts\/77480\/revisions\/77481"}],"wp:featuredmedia":[{"embeddable":true,"href":"https:\/\/tvtecjundiai.com.br\/news\/wp-json\/wp\/v2\/media\/74771"}],"wp:attachment":[{"href":"https:\/\/tvtecjundiai.com.br\/news\/wp-json\/wp\/v2\/media?parent=77480"}],"wp:term":[{"taxonomy":"category","embeddable":true,"href":"https:\/\/tvtecjundiai.com.br\/news\/wp-json\/wp\/v2\/categories?post=77480"},{"taxonomy":"post_tag","embeddable":true,"href":"https:\/\/tvtecjundiai.com.br\/news\/wp-json\/wp\/v2\/tags?post=77480"}],"curies":[{"name":"wp","href":"https:\/\/api.w.org\/{rel}","templated":true}]}}