{"id":77485,"date":"2021-06-13T09:30:31","date_gmt":"2021-06-13T12:30:31","guid":{"rendered":"https:\/\/tvtecjundiai.com.br\/news\/?p=77485"},"modified":"2021-06-13T11:51:10","modified_gmt":"2021-06-13T14:51:10","slug":"iluminacao-inteligente-sera-realidade-em-jundiai1","status":"publish","type":"post","link":"https:\/\/tvtecjundiai.com.br\/news\/2021\/06\/13\/iluminacao-inteligente-sera-realidade-em-jundiai1\/","title":{"rendered":"Jundia\u00ed vai receber ilumina\u00e7\u00e3o inteligente em v\u00e1rios pontos da cidade"},"content":{"rendered":"\n<p>O contexto de cidade inteligente \u2013 \u2018smart cities\u2019 garante servi\u00e7os na palma da m\u00e3o para a popula\u00e7\u00e3o e gerenciamento dos servi\u00e7os eficientes, em tempo real e agregados. A Prefeitura de Jundia\u00ed busca, a partir da Parceria P\u00fablico-Privada (PPP) de ilumina\u00e7\u00e3o p\u00fablica disponibilizar in\u00fameros servi\u00e7os como conex\u00e3o wi-fi, sistema de monitoramento da seguran\u00e7a e l\u00e2mpadas inteligentes que acendem quando o sensor identifica movimenta\u00e7\u00e3o de pessoas. O edital de licita\u00e7\u00e3o publicado no in\u00edcio do m\u00eas. O objetivo da administra\u00e7\u00e3o \u00e9 trocar todos os 47 mil pontos de ilumina\u00e7\u00e3o convencional \u2013 em sua grande maioria de vapor de s\u00f3dio,&nbsp; por l\u00e2mpadas de LED e preparar o caminho para o crescimento do conceito e servi\u00e7o de uma \u2018smart city\u2019 (cidade inteligente).<\/p>\n\n\n\n<figure class=\"wp-block-image\"><img decoding=\"async\" src=\"https:\/\/jundiai.sp.gov.br\/noticias\/wp-content\/uploads\/sites\/32\/2021\/06\/12e0269e-d2d1-4307-9ce5-76c4a0f6862a.jpeg\" alt=\"\" class=\"wp-image-270157\" \/><\/figure>\n\n\n\n<p>Al\u00e9m de ilumina\u00e7\u00e3o de qualidade e da economia que ser\u00e1 gerada com o novo sistema de LED, a inten\u00e7\u00e3o \u00e9 agregar mais servi\u00e7os inteligentes para a popula\u00e7\u00e3o a partir de um ponto mapeado na cidade e que j\u00e1 conta com infraestrutura de tecnologia. \u201cJundia\u00ed est\u00e1 entre as 10 cidades brasileiras mais inteligentes e conectadas e esses investimentos refor\u00e7am o nosso compromisso com a melhoria dos indicadores de qualidade de vida da cidade. Outra\u00a0quest\u00e3o importante \u00e9 que essa agenda \u00e9 parte de um plano de desenvolvimento sustent\u00e1vel da cidade, com a redu\u00e7\u00e3o da emiss\u00e3o de g\u00e1s efeito estufa, a partir da troca da ilumina\u00e7\u00e3o antiga por l\u00e2mpadas ambientalmente sustent\u00e1veis\u201d, argumenta o Prefeito Luiz Fernando Machado.<\/p>\n\n\n\n<p>Para que o mun\u00edcipe possa entender a mudan\u00e7a, \u00e9 poss\u00edvel observar a ilumina\u00e7\u00e3o em LED implantada pela Prefeitura na pista de corrida do Complexo Educacional, Cultural e Esportivo Dr Nicolino de Luca (Bol\u00e3o) e a \u00e1rea de lazer do Vale Azul.&nbsp;O modelo de PPP em licita\u00e7\u00e3o proporciona vantagens \u00e0 administra\u00e7\u00e3o municipal e \u00e9 a alternativa mais eficiente para alavancar esses investimentos em servi\u00e7os p\u00fablicos no conceito de cidade inteligente.&nbsp;<\/p>\n\n\n\n<figure class=\"wp-block-image\"><img decoding=\"async\" src=\"https:\/\/jundiai.sp.gov.br\/noticias\/wp-content\/uploads\/sites\/32\/2021\/06\/e574d606-95fe-4ead-8746-8dd3dce168a5.jpeg\" alt=\"\" class=\"wp-image-270158\" \/><figcaption>Ilumina\u00e7\u00e3o inteligente nas ruas e avenidas economizam 50% de energia<\/figcaption><\/figure>\n\n\n\n<p>\u201cA ilumina\u00e7\u00e3o em LED n\u00e3o somente amplia a efici\u00eancia energ\u00e9tica como reduz custos \u2013 redu\u00e7\u00e3o de quase 50% de consumo de energia \u2013 a partir de sistemas inteligentes, assim como poder\u00e1 oferecer pontos de monitoramento para&nbsp; seguran\u00e7a feita pela Guarda Municipal, al\u00e9m de permitir a instala\u00e7\u00e3o de sensores para outros servi\u00e7os que utilizam (IOT) internet das coisas, como a semaforiza\u00e7\u00e3o inteligente e a sinaliza\u00e7\u00e3o que dialoga com o transporte coletivo e que servem para agilizar os deslocamentos pela cidade. Al\u00e9m disso, a cidade mais iluminada ficar\u00e1 mais segura\u201d, comenta o gestor da Unidade de Gest\u00e3o de Governo e Finan\u00e7as (UGGF) Jos\u00e9 Antonio Parimoschi.&nbsp;<\/p>\n\n\n\n<p><strong>Em detalhe<\/strong><\/p>\n\n\n\n<p>A PPP define a modalidade de concess\u00e3o administrativa para gest\u00e3o, moderniza\u00e7\u00e3o, eficientiza\u00e7\u00e3o, expans\u00e3o, opera\u00e7\u00e3o e manuten\u00e7\u00e3o da infraestrutura, com sustentabilidade ambiental, do sistema de ilumina\u00e7\u00e3o p\u00fablica do Munic\u00edpio de Jundia\u00ed. Considerando inicialmente a substitui\u00e7\u00e3o da ilumina\u00e7\u00e3o funcional vi\u00e1ria, que representa 95,4% dos pontos de ilumina\u00e7\u00e3o p\u00fablica do parque do Munic\u00edpio, demonstram uma economia de energia de 48,58%.<\/p>\n\n\n\n<p>\u201cUtilizar LEDs de alta qualidade para a substitui\u00e7\u00e3o do parque existente. O desenvolvimento recente desta tecnologia elevou-a a condi\u00e7\u00e3o de melhor rela\u00e7\u00e3o de fluxo luminoso gerado por Watt (unidade de medida) consumido no acendimento. Outro destaque \u00e9 utilizar sistema de telegest\u00e3o para monitoramento e planejamento do parque de ilumina\u00e7\u00e3o\u201d, comenta o gestor da Unidade de Gest\u00e3o de Infraestrutura e Servi\u00e7os P\u00fablicos (UGISP) Adilson Rosa.<\/p>\n\n\n\n<p><em>(Texto\/Imagem: Prefeitura de Jundia\u00ed)<\/em><\/p>\n\n\n\n<p><\/p>\n","protected":false},"excerpt":{"rendered":"<p>\u00c1reas p\u00fablicas contar\u00e3o com servi\u00e7os agregados a partir do ponto de ilumina\u00e7\u00e3o<\/p>\n","protected":false},"author":24,"featured_media":77486,"comment_status":"closed","ping_status":"closed","sticky":false,"template":"","format":"standard","meta":{"footnotes":""},"categories":[4831],"tags":[],"class_list":["post-77485","post","type-post","status-publish","format-standard","has-post-thumbnail","hentry","category-seguranca"],"_links":{"self":[{"href":"https:\/\/tvtecjundiai.com.br\/news\/wp-json\/wp\/v2\/posts\/77485","targetHints":{"allow":["GET"]}}],"collection":[{"href":"https:\/\/tvtecjundiai.com.br\/news\/wp-json\/wp\/v2\/posts"}],"about":[{"href":"https:\/\/tvtecjundiai.com.br\/news\/wp-json\/wp\/v2\/types\/post"}],"author":[{"embeddable":true,"href":"https:\/\/tvtecjundiai.com.br\/news\/wp-json\/wp\/v2\/users\/24"}],"replies":[{"embeddable":true,"href":"https:\/\/tvtecjundiai.com.br\/news\/wp-json\/wp\/v2\/comments?post=77485"}],"version-history":[{"count":3,"href":"https:\/\/tvtecjundiai.com.br\/news\/wp-json\/wp\/v2\/posts\/77485\/revisions"}],"predecessor-version":[{"id":77489,"href":"https:\/\/tvtecjundiai.com.br\/news\/wp-json\/wp\/v2\/posts\/77485\/revisions\/77489"}],"wp:featuredmedia":[{"embeddable":true,"href":"https:\/\/tvtecjundiai.com.br\/news\/wp-json\/wp\/v2\/media\/77486"}],"wp:attachment":[{"href":"https:\/\/tvtecjundiai.com.br\/news\/wp-json\/wp\/v2\/media?parent=77485"}],"wp:term":[{"taxonomy":"category","embeddable":true,"href":"https:\/\/tvtecjundiai.com.br\/news\/wp-json\/wp\/v2\/categories?post=77485"},{"taxonomy":"post_tag","embeddable":true,"href":"https:\/\/tvtecjundiai.com.br\/news\/wp-json\/wp\/v2\/tags?post=77485"}],"curies":[{"name":"wp","href":"https:\/\/api.w.org\/{rel}","templated":true}]}}