{"id":77496,"date":"2021-06-13T13:45:33","date_gmt":"2021-06-13T16:45:33","guid":{"rendered":"https:\/\/tvtecjundiai.com.br\/news\/?p=77496"},"modified":"2021-06-13T13:45:33","modified_gmt":"2021-06-13T16:45:33","slug":"governo-de-sp-antecipa-em-30-dias-vacinacao-contra-covid-19-e-promete-vacinar-toda-populacao-adulta-ate-setembro","status":"publish","type":"post","link":"https:\/\/tvtecjundiai.com.br\/news\/2021\/06\/13\/governo-de-sp-antecipa-em-30-dias-vacinacao-contra-covid-19-e-promete-vacinar-toda-populacao-adulta-ate-setembro\/","title":{"rendered":"Governo de SP antecipa em 30 dias vacina\u00e7\u00e3o contra COVID-19 e promete vacinar toda popula\u00e7\u00e3o adulta at\u00e9 setembro"},"content":{"rendered":"\n<p>O governo de S\u00e3o Paulo antecipou em 30 dias o calend\u00e1rio de vacina\u00e7\u00e3o contra a Covid-19 e prometeu imunizar toda a popula\u00e7\u00e3o adulta do estado at\u00e9 o final de setembro.<\/p>\n\n\n\n<p>O an\u00fancio foi feito pelo governador Jo\u00e3o Doria (PSDB) durante coletiva de imprensa no in\u00edcio da tarde deste domingo (13).<\/p>\n\n\n\n<blockquote class=\"wp-block-quote is-layout-flow wp-block-quote-is-layout-flow\"><p>&#8220;Antecipamos, portanto, em 30 dias o prazo de vacina\u00e7\u00e3o em S\u00e3o Paulo. Essa \u00e9 uma grande not\u00edcia para todos os brasileiros, paulistas e residentes aqui em S\u00e3o Paulo com idade acima de 18 anos. Os adultos estar\u00e3o vacinados at\u00e9 15 de setembro&#8221;, disse Doria<\/p><\/blockquote>\n\n\n\n<p>Segundo o governo paulista, a altera\u00e7\u00e3o no calend\u00e1rio considera as pr\u00f3ximas remessas de doses dos imunizantes que o estado ir\u00e1 receber do Minist\u00e9rio da Sa\u00fade: CoronaVac, Pfizer, AstraZeneca e Janssen.<\/p>\n\n\n\n<p>&#8216;Esse \u00e9 o maior avan\u00e7o em toda a nossa campanha, neste momento. Quase 7,5 milh\u00f5es de pessoas ser\u00e3o vacinadas em um m\u00eas no estado de S\u00e3o Paulo. O avan\u00e7o \u00e9 planejado com base em remessas de vacinas previstas pelo Programa Nacional de Imuniza\u00e7\u00e3o&#8221;, afirmou a coordenadora do Programa Estadual de Imuniza\u00e7\u00e3o, Regiane de Paula.<\/p>\n\n\n\n<h2 class=\"wp-block-heading\">Veja as novas datas de vacina\u00e7\u00e3o:<\/h2>\n\n\n\n<ul class=\"wp-block-list\"><li>50-59 anos: 16\/06 a 22\/06<\/li><li>43- 49 anos: 23\/06 a 26\/06<\/li><li>40-42 anos: 30\/06 a 14\/07<\/li><li>35-39 anos: 15\/07 a 29\/07<\/li><li>30-34 anos: 30\/7 a 15\/8<\/li><li>25-29 anos: 16 a 31\/8<\/li><li>18 a 24 anos: 1 a 15\/9<\/li><\/ul>\n\n\n\n<p>Altera\u00e7\u00f5es no calend\u00e1rio<br>No in\u00edcio do m\u00eas, Jo\u00e3o Doria tinha anunciado que a vacina\u00e7\u00e3o contra a Covid-19 de todas as pessoas com mais de 18 anos no estado deveria ser conclu\u00edda at\u00e9 o final de outubro deste ano.<\/p>\n\n\n\n<p>A previs\u00e3o de vacinar toda a popula\u00e7\u00e3o do estado at\u00e9 o final de setembro \u00e9 diferente da estimada pelo ministro da Sa\u00fade, Marcelo Queiroga, em evento na Universidade Federal de S\u00e3o Paulo (Unifesp). Na semana passada, ele declarou que &#8220;at\u00e9 o final do ano teremos a nossa popula\u00e7\u00e3o imunizada&#8221;.<\/p>\n\n\n\n<p>Ao longo dos \u00faltimos meses, a previs\u00e3o foi sendo alterada diversas vezes pelo governo paulista.<\/p>\n\n\n\n<p>Em setembro do ano passado, Doria chegou a afirmar que a vacina\u00e7\u00e3o para a \u201ctotalidade da popula\u00e7\u00e3o\u201d seria feita \u201cao longo dos dois primeiros meses de 2021\u201d, ou seja, entre janeiro e fevereiro deste ano \u2013 o que n\u00e3o ocorreu.<\/p>\n\n\n\n<p>\u201cAos brasileiros de S\u00e3o Paulo, sim, garanto que teremos a vacina, a CoronaVac, para atender a totalidade da popula\u00e7\u00e3o de S\u00e3o Paulo j\u00e1 ao final deste ano e ao longo dos dois primeiros meses de 2021, e vamos imuniz\u00e1-los\u201d, disse Doria em setembro de 2020.<\/p>\n\n\n\n<p>Naquele momento, o governo federal ainda n\u00e3o havia assinado nenhum contrato com produtores de vacinas nem havia campanha de imuniza\u00e7\u00e3o em curso.<\/p>\n\n\n\n<p><em>(Texto: G1)<\/em><\/p>\n\n\n\n<p><em>(Imagem: UOL)<\/em><\/p>\n\n\n\n<p><\/p>\n","protected":false},"excerpt":{"rendered":"<p>O an\u00fancio foi feito pelo governador Jo\u00e3o Doria durante coletiva de imprensa no in\u00edcio da tarde deste domingo (13)<\/p>\n","protected":false},"author":24,"featured_media":77497,"comment_status":"closed","ping_status":"closed","sticky":false,"template":"","format":"standard","meta":{"footnotes":""},"categories":[1],"tags":[],"class_list":["post-77496","post","type-post","status-publish","format-standard","has-post-thumbnail","hentry","category-noticias"],"_links":{"self":[{"href":"https:\/\/tvtecjundiai.com.br\/news\/wp-json\/wp\/v2\/posts\/77496","targetHints":{"allow":["GET"]}}],"collection":[{"href":"https:\/\/tvtecjundiai.com.br\/news\/wp-json\/wp\/v2\/posts"}],"about":[{"href":"https:\/\/tvtecjundiai.com.br\/news\/wp-json\/wp\/v2\/types\/post"}],"author":[{"embeddable":true,"href":"https:\/\/tvtecjundiai.com.br\/news\/wp-json\/wp\/v2\/users\/24"}],"replies":[{"embeddable":true,"href":"https:\/\/tvtecjundiai.com.br\/news\/wp-json\/wp\/v2\/comments?post=77496"}],"version-history":[{"count":1,"href":"https:\/\/tvtecjundiai.com.br\/news\/wp-json\/wp\/v2\/posts\/77496\/revisions"}],"predecessor-version":[{"id":77498,"href":"https:\/\/tvtecjundiai.com.br\/news\/wp-json\/wp\/v2\/posts\/77496\/revisions\/77498"}],"wp:featuredmedia":[{"embeddable":true,"href":"https:\/\/tvtecjundiai.com.br\/news\/wp-json\/wp\/v2\/media\/77497"}],"wp:attachment":[{"href":"https:\/\/tvtecjundiai.com.br\/news\/wp-json\/wp\/v2\/media?parent=77496"}],"wp:term":[{"taxonomy":"category","embeddable":true,"href":"https:\/\/tvtecjundiai.com.br\/news\/wp-json\/wp\/v2\/categories?post=77496"},{"taxonomy":"post_tag","embeddable":true,"href":"https:\/\/tvtecjundiai.com.br\/news\/wp-json\/wp\/v2\/tags?post=77496"}],"curies":[{"name":"wp","href":"https:\/\/api.w.org\/{rel}","templated":true}]}}