{"id":77499,"date":"2021-06-13T15:30:10","date_gmt":"2021-06-13T18:30:10","guid":{"rendered":"https:\/\/tvtecjundiai.com.br\/news\/?p=77499"},"modified":"2021-06-13T15:30:10","modified_gmt":"2021-06-13T18:30:10","slug":"madrinha-da-escola-de-samba-leoes-da-hortolandia-morre-aos-42-anos-vitima-da-covid-19","status":"publish","type":"post","link":"https:\/\/tvtecjundiai.com.br\/news\/2021\/06\/13\/madrinha-da-escola-de-samba-leoes-da-hortolandia-morre-aos-42-anos-vitima-da-covid-19\/","title":{"rendered":"MADRINHA DA ESCOLA DE SAMBA LE\u00d5ES DA HORTOL\u00c2NDIA MORRE AOS 42 ANOS V\u00cdTIMA DA COVID-19"},"content":{"rendered":"\n<p>Isabel Cristina, madrinha da Escola de Samba Le\u00f5es da Hortol\u00e2ndia, morreu na manh\u00e3 deste domingo, 13, de Covid-19. Aos 42 anos, a passista estava internada no Hospital S\u00e3o Vicente desde o dia 9 e n\u00e3o resistiu \u00e0s complica\u00e7\u00f5es da doen\u00e7a.<\/p>\n\n\n\n<p>A Escola de Samba Le\u00f5es da Hortol\u00e2ndia divulgou um texto emocionado em suas redes sociais, em homenagem \u00e0 Isabel:<\/p>\n\n\n\n<p>\u201cDeus conforte o cora\u00e7\u00e3o de todos os familiares e amigos da nossa querida e eterna Belzinha, hoje o samba est\u00e1 em luto, hoje choramos na terra, mas o c\u00e9u entra em festa, porque a alegria e a simpatia sempre andaram junto a ti Bel, e hoje voc\u00ea estar\u00e1 com tantos outros grandes sambistas ao lado do criador. Descanse em paz nossa eterna MADRINHA\u201d.<\/p>\n\n\n\n<p>Isabel foi rainha do carnaval de Jundia\u00ed em 2003 pela Le\u00f5es da Hortol\u00e2ndia.<br><\/p>\n\n\n\n<p>fonte: JJ, JR e Assessoria HSV<\/p>\n","protected":false},"excerpt":{"rendered":"<p>Isabel foi rainha do carnaval jundiaiense em 2003<\/p>\n","protected":false},"author":24,"featured_media":77500,"comment_status":"closed","ping_status":"closed","sticky":false,"template":"","format":"standard","meta":{"footnotes":""},"categories":[8356],"tags":[],"class_list":["post-77499","post","type-post","status-publish","format-standard","has-post-thumbnail","hentry","category-jundiai"],"_links":{"self":[{"href":"https:\/\/tvtecjundiai.com.br\/news\/wp-json\/wp\/v2\/posts\/77499","targetHints":{"allow":["GET"]}}],"collection":[{"href":"https:\/\/tvtecjundiai.com.br\/news\/wp-json\/wp\/v2\/posts"}],"about":[{"href":"https:\/\/tvtecjundiai.com.br\/news\/wp-json\/wp\/v2\/types\/post"}],"author":[{"embeddable":true,"href":"https:\/\/tvtecjundiai.com.br\/news\/wp-json\/wp\/v2\/users\/24"}],"replies":[{"embeddable":true,"href":"https:\/\/tvtecjundiai.com.br\/news\/wp-json\/wp\/v2\/comments?post=77499"}],"version-history":[{"count":1,"href":"https:\/\/tvtecjundiai.com.br\/news\/wp-json\/wp\/v2\/posts\/77499\/revisions"}],"predecessor-version":[{"id":77501,"href":"https:\/\/tvtecjundiai.com.br\/news\/wp-json\/wp\/v2\/posts\/77499\/revisions\/77501"}],"wp:featuredmedia":[{"embeddable":true,"href":"https:\/\/tvtecjundiai.com.br\/news\/wp-json\/wp\/v2\/media\/77500"}],"wp:attachment":[{"href":"https:\/\/tvtecjundiai.com.br\/news\/wp-json\/wp\/v2\/media?parent=77499"}],"wp:term":[{"taxonomy":"category","embeddable":true,"href":"https:\/\/tvtecjundiai.com.br\/news\/wp-json\/wp\/v2\/categories?post=77499"},{"taxonomy":"post_tag","embeddable":true,"href":"https:\/\/tvtecjundiai.com.br\/news\/wp-json\/wp\/v2\/tags?post=77499"}],"curies":[{"name":"wp","href":"https:\/\/api.w.org\/{rel}","templated":true}]}}