{"id":77502,"date":"2021-06-13T16:41:17","date_gmt":"2021-06-13T19:41:17","guid":{"rendered":"https:\/\/tvtecjundiai.com.br\/news\/?p=77502"},"modified":"2021-06-13T16:41:17","modified_gmt":"2021-06-13T19:41:17","slug":"jundiai-registra-119-novos-casos-de-covid-19-neste-domingo-13","status":"publish","type":"post","link":"https:\/\/tvtecjundiai.com.br\/news\/2021\/06\/13\/jundiai-registra-119-novos-casos-de-covid-19-neste-domingo-13\/","title":{"rendered":"Jundia\u00ed registra 119 novos casos de Covid-19 neste domingo (13)"},"content":{"rendered":"\n<p>A Prefeitura de Jundia\u00ed informa que, neste domingo (13), &nbsp;tr\u00eas \u00f3bitos foram contabilizados de residentes na cidade causados pelo Novo Coronav\u00edrus.<\/p>\n\n\n\n<p>Mulher, 79 anos, portadora de doen\u00e7a cardiovascular cr\u00f4nica. Internou 05\/06 e faleceu 12\/06 no Hospital S\u00e3o Vicente.<\/p>\n\n\n\n<p>Homem, 59 anos, sem comorbidades registradas. Internou 02\/06 e faleceu 12\/06 no Hospital S\u00e3o Vicente.<\/p>\n\n\n\n<p>Homem, 54 anos, sem comorbidades registradas. Internou 27\/05 e faleceu 12\/06 no Hospital S\u00e3o Vicente.<\/p>\n\n\n\n<p>At\u00e9 o momento, a cidade registra 1.280 \u00f3bitos causados pela COVID-19 desde o in\u00edcio da pandemia.<\/p>\n\n\n\n<figure class=\"wp-block-image\"><img decoding=\"async\" src=\"https:\/\/jundiai.sp.gov.br\/noticias\/wp-content\/uploads\/sites\/32\/2021\/06\/slide1-4-960x960.jpg\" alt=\"\" class=\"wp-image-270218\" \/><\/figure>\n\n\n\n<figure class=\"wp-block-image\"><img decoding=\"async\" src=\"https:\/\/jundiai.sp.gov.br\/noticias\/wp-content\/uploads\/sites\/32\/2021\/06\/slide2-5-960x960.jpg\" alt=\"\" class=\"wp-image-270219\" \/><\/figure>\n\n\n\n<p><em>(Fonte\/Imagem: Prefeitura de Jundia\u00ed)<\/em><\/p>\n","protected":false},"excerpt":{"rendered":"<p> At\u00e9 o momento, a cidade registra 1.280 \u00f3bitos causados pela COVID-19 desde o in\u00edcio da pandemia.<\/p>\n","protected":false},"author":24,"featured_media":74774,"comment_status":"closed","ping_status":"closed","sticky":false,"template":"","format":"standard","meta":{"footnotes":""},"categories":[8355],"tags":[],"class_list":["post-77502","post","type-post","status-publish","format-standard","has-post-thumbnail","hentry","category-saude-3"],"_links":{"self":[{"href":"https:\/\/tvtecjundiai.com.br\/news\/wp-json\/wp\/v2\/posts\/77502","targetHints":{"allow":["GET"]}}],"collection":[{"href":"https:\/\/tvtecjundiai.com.br\/news\/wp-json\/wp\/v2\/posts"}],"about":[{"href":"https:\/\/tvtecjundiai.com.br\/news\/wp-json\/wp\/v2\/types\/post"}],"author":[{"embeddable":true,"href":"https:\/\/tvtecjundiai.com.br\/news\/wp-json\/wp\/v2\/users\/24"}],"replies":[{"embeddable":true,"href":"https:\/\/tvtecjundiai.com.br\/news\/wp-json\/wp\/v2\/comments?post=77502"}],"version-history":[{"count":1,"href":"https:\/\/tvtecjundiai.com.br\/news\/wp-json\/wp\/v2\/posts\/77502\/revisions"}],"predecessor-version":[{"id":77503,"href":"https:\/\/tvtecjundiai.com.br\/news\/wp-json\/wp\/v2\/posts\/77502\/revisions\/77503"}],"wp:featuredmedia":[{"embeddable":true,"href":"https:\/\/tvtecjundiai.com.br\/news\/wp-json\/wp\/v2\/media\/74774"}],"wp:attachment":[{"href":"https:\/\/tvtecjundiai.com.br\/news\/wp-json\/wp\/v2\/media?parent=77502"}],"wp:term":[{"taxonomy":"category","embeddable":true,"href":"https:\/\/tvtecjundiai.com.br\/news\/wp-json\/wp\/v2\/categories?post=77502"},{"taxonomy":"post_tag","embeddable":true,"href":"https:\/\/tvtecjundiai.com.br\/news\/wp-json\/wp\/v2\/tags?post=77502"}],"curies":[{"name":"wp","href":"https:\/\/api.w.org\/{rel}","templated":true}]}}