{"id":77519,"date":"2021-06-14T12:17:02","date_gmt":"2021-06-14T15:17:02","guid":{"rendered":"https:\/\/tvtecjundiai.com.br\/news\/?p=77519"},"modified":"2021-06-14T12:17:02","modified_gmt":"2021-06-14T15:17:02","slug":"concessionaria-orienta-motoristas-como-dirigir-em-situacao-de-neblina","status":"publish","type":"post","link":"https:\/\/tvtecjundiai.com.br\/news\/2021\/06\/14\/concessionaria-orienta-motoristas-como-dirigir-em-situacao-de-neblina\/","title":{"rendered":"Concession\u00e1ria orienta motoristas como dirigir em situa\u00e7\u00e3o de neblina"},"content":{"rendered":"\n<p>Dirigir sob neblina exige cuidado e aten\u00e7\u00e3o do motorista. O per\u00edodo de junho a setembro \u2013 \u00e9poca do ano com os dias mais frios do ano, principalmente nos meses de inverno &#8211; \u00e9 marcado pela ocorr\u00eancia do fen\u00f4meno clim\u00e1tico, comum na madrugada e nas primeiras horas da manh\u00e3.<\/p>\n\n\n\n<p>A concession\u00e1ria CCR AutoBAn refor\u00e7a a partir desta segunda-feira (14), no Sistema Anhanguera-Bandeirantes, campanha de alerta e orienta\u00e7\u00e3o sobre o per\u00edodo de ocorr\u00eancia de neblina. A a\u00e7\u00e3o tamb\u00e9m acontece no Sistema Castello-Raposo, administrado pela CCR ViaOeste, no trecho oeste do RodoAnel M\u00e1rio Covas, administrado pela CCR RodoAnel, na Rodovia Presidente Dutra, administrada pela CCR NovaDutra, e nas principais rodovias do sudoeste paulista, administrado pela CCR SPVias, totalizando mais de 1,5 mil quil\u00f4metros de rodovias sob concess\u00e3o do Grupo CCR nos estados de S\u00e3o Paulo e Rio de Janeiro.<\/p>\n\n\n\n<p>Para despertar a aten\u00e7\u00e3o dos usu\u00e1rios das rodovias, as concession\u00e1rias est\u00e3o instalando faixas nos trechos com maior ocorr\u00eancia deste fen\u00f4meno clim\u00e1tico. Tamb\u00e9m est\u00e3o sendo veiculadas mensagens nos pain\u00e9is eletr\u00f4nicos que alertam os motoristas para dirigir com prud\u00eancia diante da pouca visibilidade provocada principalmente no in\u00edcio das manh\u00e3s.&nbsp;<\/p>\n\n\n\n<p>Caso o motorista encontre uma situa\u00e7\u00e3o de neblina em sua viagem, as principais orienta\u00e7\u00f5es s\u00e3o: reduza gradualmente a velocidade; mantenha o farol baixo aceso, mesmo durante o dia (nunca utilize o farol alto); evite o emba\u00e7amento dos vidros, acionando a ventila\u00e7\u00e3o, o ar condicionado ou abrindo levemente as janelas; para limpar os vidros, utilize o limpador de para-brisa e o desemba\u00e7ador (evite usar as m\u00e3os); mantenha uma dist\u00e2ncia maior do ve\u00edculo \u00e0 frente; nunca acione o pisca-alerta com o ve\u00edculo em movimento, pois os carros que v\u00eam atr\u00e1s pensar\u00e3o que voc\u00ea parou na pista; nunca estacione o ve\u00edculo em locais de risco, procurando parar em um local seguro, distante da rodovia e sinalize com o pisca-alerta.<\/p>\n\n\n\n<p>Se houver necessidade de parada ou em situa\u00e7\u00e3o de emerg\u00eancia, a CCR AutoBAn possui atendimento ao usu\u00e1rio, gratuito, 24 horas por dia. O contato pode ser feito pelo 0800 055 55 50 ou pelo Call Box, telefone de emerg\u00eancia, localizado nas rodovias.<\/p>\n\n\n\n<p>Em todo o ano passado, foram 75 dias com condi\u00e7\u00e3o de neblina no Sistema Anhanguera-Bandeirantes, sendo que quase metade das ocorr\u00eancias aconteceu entre junho e setembro. Em 2021, de janeiro a maio, foram registrados 35 dias com a ocorr\u00eancia deste fen\u00f4meno.<\/p>\n\n\n\n<div class=\"wp-block-image\"><figure class=\"aligncenter size-large\"><img loading=\"lazy\" decoding=\"async\" width=\"770\" height=\"385\" src=\"https:\/\/tvtecjundiai.com.br\/news\/wp-content\/uploads\/sites\/2\/2019\/06\/neblina-da-estrada-autoban.jpg\" alt=\"\" class=\"wp-image-31898\" srcset=\"https:\/\/tvtecjundiai.com.br\/news\/wp-content\/uploads\/sites\/2\/2019\/06\/neblina-da-estrada-autoban.jpg 770w, https:\/\/tvtecjundiai.com.br\/news\/wp-content\/uploads\/sites\/2\/2019\/06\/neblina-da-estrada-autoban-300x150.jpg 300w, https:\/\/tvtecjundiai.com.br\/news\/wp-content\/uploads\/sites\/2\/2019\/06\/neblina-da-estrada-autoban-768x384.jpg 768w\" sizes=\"auto, (max-width: 770px) 100vw, 770px\" \/><figcaption>CCR AutoBAn orienta motoristas sobre como dirigir em situa\u00e7\u00e3o de neblina<\/figcaption><\/figure><\/div>\n\n\n\n<p><strong><u>Como fazer uma viagem segura, em caso de neblina:<\/u><\/strong><\/p>\n\n\n\n<p>&#8211; Reduza gradualmente a velocidade;<\/p>\n\n\n\n<p>&#8211; Mantenha dist\u00e2ncia segura do ve\u00edculo \u00e0 frente;<\/p>\n\n\n\n<p>&#8211; Nunca utilize o farol alto;<\/p>\n\n\n\n<p>&#8211; Nunca pare na pista. Evite parar no acostamento e, se precisar estacionar, pare fora da rodovia, em um posto de servi\u00e7os;<\/p>\n\n\n\n<p>&#8211; Nunca acione o pisca-alerta com o ve\u00edculo em movimento. Os motoristas que v\u00eam atr\u00e1s podem pensar que o seu ve\u00edculo parou na pista;<\/p>\n\n\n\n<p>&#8211; Aten\u00e7\u00e3o \u00e0s mensagens dos pain\u00e9is de mensagens vari\u00e1veis (PMVs) espalhados ao longo da rodovia.<\/p>\n\n\n\n<p><strong>Confira os pontos de incid\u00eancia de neblina nas rodovias:<\/strong><\/p>\n\n\n\n<p><strong>SP-330 &#8211; Via Anhanguera<\/strong><\/p>\n\n\n\n<p><em>km 25 ao km 42 \u2013 entre Perus e Cajamar<\/em><\/p>\n\n\n\n<p><em>km 46 ao km 68 \u2013 em Jundia\u00ed<\/em><\/p>\n\n\n\n<p><em>km 100 ao km 103 \u2013 em Campinas<\/em><\/p>\n\n\n\n<p><em>km 120 ao km 130 \u2013 em Americana<\/em><\/p>\n\n\n\n<p><em>km 130 ao km 158 \u2013 entre Limeira e Cordeir\u00f3polis<\/em><\/p>\n\n\n\n<p><strong>SP-348 &#8211; Rodovia dos Bandeirantes<\/strong><\/p>\n\n\n\n<p><em>km 24 ao km 45 \u2013 entre S\u00e3o Paulo e Cajamar<\/em><\/p>\n\n\n\n<p><em>km 46 ao km 65 \u2013 em Jundia\u00ed<\/em><\/p>\n\n\n\n<p><em>km 120 ao km 130 \u2013 entre Sumar\u00e9 e Santa B\u00e1rbara D\u2019Oeste<\/em><\/p>\n\n\n\n<p><em>km 138 ao km 171 \u2013&nbsp;entre Limeira e Cordeir\u00f3polis<\/em><\/p>\n\n\n\n<p><strong>SPI-102\/330 &#8211; Rodovia Adalberto Panzan<\/strong><\/p>\n\n\n\n<p>km 00 ao km 07 &#8211; em Campinas<\/p>\n\n\n\n<p><em>(Texto\/Imagem: Assessoria de Imprensa)<\/em><\/p>\n","protected":false},"excerpt":{"rendered":"<p>Entre as orienta\u00e7\u00f5es est\u00e3o reduzir gradualmente a velocidade e manter o farol baixo aceso<\/p>\n","protected":false},"author":28,"featured_media":31898,"comment_status":"closed","ping_status":"closed","sticky":false,"template":"","format":"standard","meta":{"footnotes":""},"categories":[8356,1],"tags":[],"class_list":["post-77519","post","type-post","status-publish","format-standard","has-post-thumbnail","hentry","category-jundiai","category-noticias"],"_links":{"self":[{"href":"https:\/\/tvtecjundiai.com.br\/news\/wp-json\/wp\/v2\/posts\/77519","targetHints":{"allow":["GET"]}}],"collection":[{"href":"https:\/\/tvtecjundiai.com.br\/news\/wp-json\/wp\/v2\/posts"}],"about":[{"href":"https:\/\/tvtecjundiai.com.br\/news\/wp-json\/wp\/v2\/types\/post"}],"author":[{"embeddable":true,"href":"https:\/\/tvtecjundiai.com.br\/news\/wp-json\/wp\/v2\/users\/28"}],"replies":[{"embeddable":true,"href":"https:\/\/tvtecjundiai.com.br\/news\/wp-json\/wp\/v2\/comments?post=77519"}],"version-history":[{"count":1,"href":"https:\/\/tvtecjundiai.com.br\/news\/wp-json\/wp\/v2\/posts\/77519\/revisions"}],"predecessor-version":[{"id":77520,"href":"https:\/\/tvtecjundiai.com.br\/news\/wp-json\/wp\/v2\/posts\/77519\/revisions\/77520"}],"wp:featuredmedia":[{"embeddable":true,"href":"https:\/\/tvtecjundiai.com.br\/news\/wp-json\/wp\/v2\/media\/31898"}],"wp:attachment":[{"href":"https:\/\/tvtecjundiai.com.br\/news\/wp-json\/wp\/v2\/media?parent=77519"}],"wp:term":[{"taxonomy":"category","embeddable":true,"href":"https:\/\/tvtecjundiai.com.br\/news\/wp-json\/wp\/v2\/categories?post=77519"},{"taxonomy":"post_tag","embeddable":true,"href":"https:\/\/tvtecjundiai.com.br\/news\/wp-json\/wp\/v2\/tags?post=77519"}],"curies":[{"name":"wp","href":"https:\/\/api.w.org\/{rel}","templated":true}]}}