{"id":77521,"date":"2021-06-14T12:39:45","date_gmt":"2021-06-14T15:39:45","guid":{"rendered":"https:\/\/tvtecjundiai.com.br\/news\/?p=77521"},"modified":"2021-06-14T12:39:45","modified_gmt":"2021-06-14T15:39:45","slug":"escolas-municipais-recebem-nebulizadores-para-ampliar-os-cuidados-contra-a-covid-19","status":"publish","type":"post","link":"https:\/\/tvtecjundiai.com.br\/news\/2021\/06\/14\/escolas-municipais-recebem-nebulizadores-para-ampliar-os-cuidados-contra-a-covid-19\/","title":{"rendered":"Escolas municipais recebem nebulizadores para ampliar os cuidados contra a COVID-19"},"content":{"rendered":"\n<p>As unidades da Unidade de Gest\u00e3o de Educa\u00e7\u00e3o (UGE) e escolas municipais passam a contar com mais&nbsp; um equipamento para ampliar as medidas adotadas para o cumprimento de protocolos de seguran\u00e7a no combate \u00e0 COVID-19. Na semana passada, os equipamentos come\u00e7aram a ser entregues pela UGE para ampliar a higieniza\u00e7\u00e3o dos espa\u00e7os escolares.<\/p>\n\n\n\n<p>O nebulizador atua como antiss\u00e9ptico higienizador. As escolas tamb\u00e9m receberam desinfetante e dispensador para produtos em creme. Todas as unidades ir\u00e3o receber, tanto as escolas municipais, como o Centro Municipal de Educa\u00e7\u00e3o de Jovens e Adultos (CMEJA), bem como para os demais espa\u00e7os da UGE como Centro Internacional de Estudos, Mem\u00f3rias e Pesquisas da Inf\u00e2ncia (CIEMPI) e depend\u00eancias do Complexo Argos.\u00a0<\/p>\n\n\n\n<figure class=\"wp-block-image size-large\"><img loading=\"lazy\" decoding=\"async\" width=\"1200\" height=\"801\" src=\"https:\/\/tvtecjundiai.com.br\/news\/wp-content\/uploads\/sites\/2\/2021\/06\/nebulizador_educacao-286-1200x801.jpg\" alt=\"\" class=\"wp-image-77522\" srcset=\"https:\/\/tvtecjundiai.com.br\/news\/wp-content\/uploads\/sites\/2\/2021\/06\/nebulizador_educacao-286-1200x801.jpg 1200w, https:\/\/tvtecjundiai.com.br\/news\/wp-content\/uploads\/sites\/2\/2021\/06\/nebulizador_educacao-286-300x200.jpg 300w, https:\/\/tvtecjundiai.com.br\/news\/wp-content\/uploads\/sites\/2\/2021\/06\/nebulizador_educacao-286-768x512.jpg 768w, https:\/\/tvtecjundiai.com.br\/news\/wp-content\/uploads\/sites\/2\/2021\/06\/nebulizador_educacao-286.jpg 1280w\" sizes=\"auto, (max-width: 1200px) 100vw, 1200px\" \/><figcaption>Nebulizadores v\u00e3o agilizar a higieniza\u00e7\u00e3o dos espa\u00e7os escolares<\/figcaption><\/figure>\n\n\n\n<p>Tanto os equipamentos como os produtos neles utilizados s\u00e3o liberados pela Anvisa e possuem potencial semelhante ao do \u00e1lcool 70%, atuando com a mesma efici\u00eancia na desinfec\u00e7\u00e3o de superf\u00edcies. O produto aplicado ainda oferece prote\u00e7\u00e3o de quatro horas cont\u00ednuas.&nbsp;<\/p>\n\n\n\n<p>\u201cO produto pode ser utilizado nos materiais, mobili\u00e1rios e nos equipamentos, inclusive em mochilas, por exemplo, uma vez que n\u00e3o umedece como o \u00e1lcool l\u00edquido ou em gel. Antes da aquisi\u00e7\u00e3o desse equipamento, foram realizadas pesquisas com outros munic\u00edpios para verificar qual a melhor solu\u00e7\u00e3o para as escolas\u201d, explica a gestora de Educa\u00e7\u00e3o, Vast\u00ed Ferrari Marques.&nbsp;<\/p>\n\n\n\n<p>No Parque S\u00e3o Luiz, a EMEB Professora Armanda Santina Polenti recebeu o equipamento. A diretora Gisele Aparecida Guilhen Muller comentou sobre o refor\u00e7o na higieniza\u00e7\u00e3o dos ambientes. \u201cEssa \u00e9 mais uma iniciativa que vem para somar aos demais protocolos sanit\u00e1rios que j\u00e1 efetuamos. Esse equipamento ir\u00e1 otimizar o tempo da equipe de limpeza e facilitar os procedimentos\u201d, comenta Gisele.<\/p>\n\n\n\n<p><em>(Texto\/Imagem: Prefeitura de Jundia\u00ed)<\/em><\/p>\n","protected":false},"excerpt":{"rendered":"<p>As escolas tamb\u00e9m receberam desinfetante e dispensador para produtos em creme<\/p>\n","protected":false},"author":28,"featured_media":77522,"comment_status":"closed","ping_status":"closed","sticky":false,"template":"","format":"standard","meta":{"footnotes":""},"categories":[8356,1],"tags":[],"class_list":["post-77521","post","type-post","status-publish","format-standard","has-post-thumbnail","hentry","category-jundiai","category-noticias"],"_links":{"self":[{"href":"https:\/\/tvtecjundiai.com.br\/news\/wp-json\/wp\/v2\/posts\/77521","targetHints":{"allow":["GET"]}}],"collection":[{"href":"https:\/\/tvtecjundiai.com.br\/news\/wp-json\/wp\/v2\/posts"}],"about":[{"href":"https:\/\/tvtecjundiai.com.br\/news\/wp-json\/wp\/v2\/types\/post"}],"author":[{"embeddable":true,"href":"https:\/\/tvtecjundiai.com.br\/news\/wp-json\/wp\/v2\/users\/28"}],"replies":[{"embeddable":true,"href":"https:\/\/tvtecjundiai.com.br\/news\/wp-json\/wp\/v2\/comments?post=77521"}],"version-history":[{"count":1,"href":"https:\/\/tvtecjundiai.com.br\/news\/wp-json\/wp\/v2\/posts\/77521\/revisions"}],"predecessor-version":[{"id":77523,"href":"https:\/\/tvtecjundiai.com.br\/news\/wp-json\/wp\/v2\/posts\/77521\/revisions\/77523"}],"wp:featuredmedia":[{"embeddable":true,"href":"https:\/\/tvtecjundiai.com.br\/news\/wp-json\/wp\/v2\/media\/77522"}],"wp:attachment":[{"href":"https:\/\/tvtecjundiai.com.br\/news\/wp-json\/wp\/v2\/media?parent=77521"}],"wp:term":[{"taxonomy":"category","embeddable":true,"href":"https:\/\/tvtecjundiai.com.br\/news\/wp-json\/wp\/v2\/categories?post=77521"},{"taxonomy":"post_tag","embeddable":true,"href":"https:\/\/tvtecjundiai.com.br\/news\/wp-json\/wp\/v2\/tags?post=77521"}],"curies":[{"name":"wp","href":"https:\/\/api.w.org\/{rel}","templated":true}]}}