{"id":77524,"date":"2021-06-14T13:18:04","date_gmt":"2021-06-14T16:18:04","guid":{"rendered":"https:\/\/tvtecjundiai.com.br\/news\/?p=77524"},"modified":"2021-06-14T13:18:04","modified_gmt":"2021-06-14T16:18:04","slug":"peama-de-jundiai-realiza-ciclo-de-debates-em-comemoracao-aos-25-anos","status":"publish","type":"post","link":"https:\/\/tvtecjundiai.com.br\/news\/2021\/06\/14\/peama-de-jundiai-realiza-ciclo-de-debates-em-comemoracao-aos-25-anos\/","title":{"rendered":"PEAMA, de Jundia\u00ed, realiza ciclo de debates em comemora\u00e7\u00e3o aos 25 anos"},"content":{"rendered":"\n<p>Em comemora\u00e7\u00e3o aos 25 anos de exist\u00eancia, o Programa de Esportes e Atividades Motoras Adaptadas (Peama) da Prefeitura de Jundia\u00ed promove no dia 2 de julho, uma sexta-feira, o I Ciclo de Debates do Peama. O evento tem como objetivo fomentar a discuss\u00e3o entre os profissionais envolvidos sobre o esporte para a pessoa com defici\u00eancia em seus diversos objetivos e contextos de pr\u00e1tica.<\/p>\n\n\n\n<p>\u201c\u00c9 um evento que acontece por conta do anivers\u00e1rio de 25 anos do Peama e \u00e9 a primeira vez que promovemos uma atividade deste porte. Nossa inten\u00e7\u00e3o \u00e9 que o ciclo seja o primeiro e que possamos realizar um por ano a partir de ent\u00e3o\u201d, explica C\u00e9sar Munir, diretor do Departamento de Esporte Adaptado da Unidade de Gest\u00e3o de Esporte e Lazer (UGEL).<\/p>\n\n\n\n<p>O ciclo de debates ser\u00e1 realizado por meio online e ser\u00e1 transmitida gratuitamente pelo YouTube e Facebook do Peama.<\/p>\n\n\n\n<p>A programa\u00e7\u00e3o conta com duas mesas redondas, compostas por palestrantes e mediador. Os mediadores ser\u00e3o os professores doutores Teresa Leit\u00e3o e Alessandro Tosim. O evento contar\u00e1 com int\u00e9rpretes de libras e haver\u00e1 certificado de participa\u00e7\u00e3o para os inscritos.<\/p>\n\n\n\n<figure class=\"wp-block-image size-large\"><img loading=\"lazy\" decoding=\"async\" width=\"1200\" height=\"924\" src=\"https:\/\/tvtecjundiai.com.br\/news\/wp-content\/uploads\/sites\/2\/2021\/06\/bolao_peama_thomaz_ruan_de_moraes-31-1200x924.jpg\" alt=\"\" class=\"wp-image-77525\" srcset=\"https:\/\/tvtecjundiai.com.br\/news\/wp-content\/uploads\/sites\/2\/2021\/06\/bolao_peama_thomaz_ruan_de_moraes-31-1200x924.jpg 1200w, https:\/\/tvtecjundiai.com.br\/news\/wp-content\/uploads\/sites\/2\/2021\/06\/bolao_peama_thomaz_ruan_de_moraes-31-300x231.jpg 300w, https:\/\/tvtecjundiai.com.br\/news\/wp-content\/uploads\/sites\/2\/2021\/06\/bolao_peama_thomaz_ruan_de_moraes-31-768x592.jpg 768w, https:\/\/tvtecjundiai.com.br\/news\/wp-content\/uploads\/sites\/2\/2021\/06\/bolao_peama_thomaz_ruan_de_moraes-31.jpg 1280w\" sizes=\"auto, (max-width: 1200px) 100vw, 1200px\" \/><figcaption>Pessoa com defici\u00eancia e os esportes s\u00e3o temas a ser debatidos em I Ciclo de Debates do Peama<\/figcaption><\/figure>\n\n\n\n<p>As inscri\u00e7\u00f5es pode ser feitas neste link:&nbsp;<a href=\"https:\/\/docs.google.com\/forms\/d\/e\/1FAIpQLSdP6fLrG-q0z5whaYUH04KnYmIX0pYu6AkiXIchAa8-dB6bdw\/viewform\" target=\"_blank\" rel=\"noreferrer noopener\">https:\/\/docs.google.com\/forms\/d\/e\/1FAIpQLSdP6fLrG-q0z5whaYUH04KnYmIX0pYu6AkiXIchAa8-dB6bdw\/viewform<\/a><\/p>\n\n\n\n<p><strong>Confira a programa\u00e7\u00e3o:<\/strong><\/p>\n\n\n\n<p><strong><u>8h30\u00a0 \u00e0s 11h<\/u><\/strong><br><strong>8h30 \u2013\u00a0<\/strong>Contexto hist\u00f3rico do PEAMA pelos educadores Rafael Silveira (PEAMA) e Vanessa Rancoletta (PEAMA).<br><strong>9h<\/strong>\u00a0\u2013\u00a0Mesa Redonda Tema\u00a0<strong>\u201dA M\u00cdDIA E SUAS RELA\u00c7\u00d5ES COM A PESSOA COM DEFICI\u00caNCIA\u201d.<\/strong>\u00a0Participa\u00e7\u00e3o de Rubens Pozzi (ESPN\/OEB), Fernanda Elnour (TVTEM), \u00a0M\u00f4nica Gropello (TVTEC) e Renan\u00a0Cacioli (CBDV) \u00a0 com a media\u00e7\u00e3o da professora Maria Teresa Leit\u00e3o.<br><br><strong>14h \u2013\u00a0<\/strong>\u00a0Participa\u00e7\u00e3o do PEAMA em eventos pelo professor Rhonan Louro (PEAMA).<br><strong>14h30<\/strong>\u00a0\u2013\u00a0Mesa Redonda Tema<strong>\u00a0\u201dGRANDES EVENTOS ESPORTIVOS\u201d.<\/strong>\u00a0\u00a0 Participa\u00e7\u00e3o de Davi Poit (ESEF), Carla da Mata (COB) e Marina Nishitani (4ComM\/OEB)\u00a0 com a media\u00e7\u00e3o do professor Alessandro Tosim.<\/p>\n\n\n\n<p><em>(Texto\/Imagem: Prefeitura de Jundia\u00ed)<\/em><\/p>\n","protected":false},"excerpt":{"rendered":"<p>O evento tem como objetivo fomentar a discuss\u00e3o sobre o esporte para a pessoa com defici\u00eancia<\/p>\n","protected":false},"author":28,"featured_media":77525,"comment_status":"closed","ping_status":"closed","sticky":false,"template":"","format":"standard","meta":{"footnotes":""},"categories":[8356,1],"tags":[],"class_list":["post-77524","post","type-post","status-publish","format-standard","has-post-thumbnail","hentry","category-jundiai","category-noticias"],"_links":{"self":[{"href":"https:\/\/tvtecjundiai.com.br\/news\/wp-json\/wp\/v2\/posts\/77524","targetHints":{"allow":["GET"]}}],"collection":[{"href":"https:\/\/tvtecjundiai.com.br\/news\/wp-json\/wp\/v2\/posts"}],"about":[{"href":"https:\/\/tvtecjundiai.com.br\/news\/wp-json\/wp\/v2\/types\/post"}],"author":[{"embeddable":true,"href":"https:\/\/tvtecjundiai.com.br\/news\/wp-json\/wp\/v2\/users\/28"}],"replies":[{"embeddable":true,"href":"https:\/\/tvtecjundiai.com.br\/news\/wp-json\/wp\/v2\/comments?post=77524"}],"version-history":[{"count":1,"href":"https:\/\/tvtecjundiai.com.br\/news\/wp-json\/wp\/v2\/posts\/77524\/revisions"}],"predecessor-version":[{"id":77526,"href":"https:\/\/tvtecjundiai.com.br\/news\/wp-json\/wp\/v2\/posts\/77524\/revisions\/77526"}],"wp:featuredmedia":[{"embeddable":true,"href":"https:\/\/tvtecjundiai.com.br\/news\/wp-json\/wp\/v2\/media\/77525"}],"wp:attachment":[{"href":"https:\/\/tvtecjundiai.com.br\/news\/wp-json\/wp\/v2\/media?parent=77524"}],"wp:term":[{"taxonomy":"category","embeddable":true,"href":"https:\/\/tvtecjundiai.com.br\/news\/wp-json\/wp\/v2\/categories?post=77524"},{"taxonomy":"post_tag","embeddable":true,"href":"https:\/\/tvtecjundiai.com.br\/news\/wp-json\/wp\/v2\/tags?post=77524"}],"curies":[{"name":"wp","href":"https:\/\/api.w.org\/{rel}","templated":true}]}}