{"id":77533,"date":"2021-06-14T14:25:32","date_gmt":"2021-06-14T17:25:32","guid":{"rendered":"https:\/\/tvtecjundiai.com.br\/news\/?p=77533"},"modified":"2021-06-14T14:25:32","modified_gmt":"2021-06-14T17:25:32","slug":"auxilio-emergencial-sera-prorrogado-por-3-meses-diz-ministro-da-economia","status":"publish","type":"post","link":"https:\/\/tvtecjundiai.com.br\/news\/2021\/06\/14\/auxilio-emergencial-sera-prorrogado-por-3-meses-diz-ministro-da-economia\/","title":{"rendered":"Aux\u00edlio emergencial ser\u00e1 prorrogado por 3 meses, diz Ministro da Economia"},"content":{"rendered":"\n<p>O governo vai prorrogar o aux\u00edlio emergencial aos mais vulner\u00e1veis por mais tr\u00eas meses, informou ao Estad\u00e3o\/Broadcast o ministro da Economia, Paulo Guedes. Com isso, a ajuda voltada aos mais vulner\u00e1veis durante a pandemia de COVID-19 ser\u00e1 estendida at\u00e9 outubro, nos mesmos valores de R$ 150 a R$ 375 e com igual alcance em termos de p\u00fablico. Hoje, o aux\u00edlio contempla cerca de 39,1 milh\u00f5es de brasileiros.<\/p>\n\n\n\n<p>Segundo Guedes, o Minist\u00e9rio da Sa\u00fade informou que toda a popula\u00e7\u00e3o adulta estar\u00e1 vacinada contra a COVID-19 at\u00e9 outubro. At\u00e9 que isso aconte\u00e7a, o governo quer garantir a prote\u00e7\u00e3o dos vulner\u00e1veis, da\u00ed a necessidade da extens\u00e3o do aux\u00edlio.<\/p>\n\n\n\n<p>O ministro ressaltou ainda que a pol\u00edtica vem sendo conduzida pelo Minist\u00e9rio da Cidadania e a decis\u00e3o final sobre a extens\u00e3o \u00e9 do presidente Jair Bolsonaro.<\/p>\n\n\n\n<p>O Estad\u00e3o\/Broadcast apurou com t\u00e9cnicos do governo que, para bancar a prorroga\u00e7\u00e3o, deve ser aberto um cr\u00e9dito extraordin\u00e1rio de cerca de R$ 20 bilh\u00f5es. O n\u00famero final ainda est\u00e1 sendo refinado a partir dos dados dos pagamentos realizados em junho.<\/p>\n\n\n\n<div class=\"wp-block-image\"><figure class=\"aligncenter size-large\"><img loading=\"lazy\" decoding=\"async\" width=\"1200\" height=\"675\" src=\"https:\/\/tvtecjundiai.com.br\/news\/wp-content\/uploads\/sites\/2\/2020\/06\/auxilio-emergencial-caixa-1200x675.jpg\" alt=\"\" class=\"wp-image-59359\" srcset=\"https:\/\/tvtecjundiai.com.br\/news\/wp-content\/uploads\/sites\/2\/2020\/06\/auxilio-emergencial-caixa.jpg 1200w, https:\/\/tvtecjundiai.com.br\/news\/wp-content\/uploads\/sites\/2\/2020\/06\/auxilio-emergencial-caixa-300x169.jpg 300w, https:\/\/tvtecjundiai.com.br\/news\/wp-content\/uploads\/sites\/2\/2020\/06\/auxilio-emergencial-caixa-768x432.jpg 768w\" sizes=\"auto, (max-width: 1200px) 100vw, 1200px\" \/><figcaption>O Ministro da Economia, Paulo Guedes, anunciou a extens\u00e3o do benef\u00edcio at\u00e9 outubro<\/figcaption><\/figure><\/div>\n\n\n\n<p>O valor vai refor\u00e7ar os cerca de R$ 7 bilh\u00f5es que ainda est\u00e3o dispon\u00edveis dentro dos R$ 44 bilh\u00f5es j\u00e1 destinados ao programa e que n\u00e3o foram usados porque o n\u00famero de fam\u00edlias na nova rodada ficou abaixo do inicialmente projetado. Cada parcela tem tido um custo ao redor de R$ 9 bilh\u00f5es mensais.<\/p>\n\n\n\n<p>O cr\u00e9dito extraordin\u00e1rio banca despesas emergenciais e fica fora do teto de gastos, regra que limita o avan\u00e7o das despesas \u00e0 infla\u00e7\u00e3o.<\/p>\n\n\n\n<p>A extens\u00e3o da ajuda a vulner\u00e1veis \u00e9 uma forma de manter a assist\u00eancia \u00e0s fam\u00edlias enquanto a imuniza\u00e7\u00e3o da popula\u00e7\u00e3o contra a COVID-19 ainda avan\u00e7a nos Estados e tamb\u00e9m evita um \u201cv\u00e1cuo\u201d at\u00e9 o lan\u00e7amento da nova pol\u00edtica social permanente do governo.<\/p>\n\n\n\n<p>No desenho atual, a \u00faltima parcela \u00e9 prevista para julho deste ano. No entanto, fontes do governo j\u00e1 reconheciam nas \u00faltimas semanas que \u201calguma prorroga\u00e7\u00e3o \u00e9 razo\u00e1vel\u201d, dado que o n\u00famero de casos e \u00f3bitos pela doen\u00e7a parou de cair. Al\u00e9m disso, a extens\u00e3o da ajuda dar\u00e1 maior conforto at\u00e9 a vacina\u00e7\u00e3o mais ampla da popula\u00e7\u00e3o.<\/p>\n\n\n\n<p>A prorroga\u00e7\u00e3o deve ocorrer por medida provis\u00f3ria. A necessidade de uma Proposta de Emenda \u00e0 Constitui\u00e7\u00e3o (PEC) para isso, aventada anteriormente, perdeu for\u00e7a porque esse tipo de cr\u00e9dito j\u00e1 fica fora do teto, e h\u00e1 espa\u00e7o na meta fiscal (que permite rombo de at\u00e9 R$ 247,1 bilh\u00f5es no ano) para acomodar o gasto adicional.<\/p>\n\n\n\n<p>No in\u00edcio do ano, o governo precisou de uma PEC para aprovar os primeiros R$ 44 bilh\u00f5es destinados \u00e0 nova rodada do aux\u00edlio porque o Or\u00e7amento de 2021 ainda estava em tramita\u00e7\u00e3o no Congresso Nacional, e n\u00e3o havia espa\u00e7o na meta. Na avalia\u00e7\u00e3o de fontes da equipe econ\u00f4mica, n\u00e3o h\u00e1 essa necessidade agora.<\/p>\n\n\n\n<p>A prorroga\u00e7\u00e3o do aux\u00edlio ainda vai abrir mais espa\u00e7o no Or\u00e7amento de 2021 para o lan\u00e7amento da nova pol\u00edtica social permanente, que vai suceder o Bolsa Fam\u00edlia. Isso porque as fam\u00edlias contempladas pelo Bolsa s\u00e3o \u201ctransferidas\u201d para a folha do aux\u00edlio durante sua vig\u00eancia, poupando o or\u00e7amento do programa.<\/p>\n\n\n\n<p>Hoje, essa \u201csobra\u201d do Bolsa dentro do teto \u00e9 de aproximadamente R$ 7 bilh\u00f5es e deve ficar maior com a extens\u00e3o da ajuda tempor\u00e1ria aos vulner\u00e1veis. O dinheiro deve ser usado para turbinar a nova pol\u00edtica social.<\/p>\n\n\n\n<p>Como mostrou o Estad\u00e3o\/Broadcast, o desenho do substituto do Bolsa Fam\u00edlia precisa ser implementado at\u00e9 dezembro de 2021, ou acabar\u00e1 engavetado, pois a lei veda a ado\u00e7\u00e3o desse tipo de medida em ano de elei\u00e7\u00f5es.<\/p>\n\n\n\n<p>A Lei das Elei\u00e7\u00f5es diz que, no ano de realiza\u00e7\u00e3o do pleito, \u00e9 proibida a distribui\u00e7\u00e3o de valores e benef\u00edcios, exceto programas sociais j\u00e1 autorizados em lei e com execu\u00e7\u00e3o or\u00e7ament\u00e1ria no exerc\u00edcio anterior &#8211; neste caso, em 2021.<\/p>\n\n\n\n<p><em>(Texto: Estad\u00e3o\/Imagem: TVTEC)<\/em><\/p>\n","protected":false},"excerpt":{"rendered":"<p>Benef\u00edcio ser\u00e1 estendido at\u00e9 outubro, nos mesmos valores de R$ 150 a R$ 375<\/p>\n","protected":false},"author":28,"featured_media":59359,"comment_status":"closed","ping_status":"closed","sticky":false,"template":"","format":"standard","meta":{"footnotes":""},"categories":[8356,1],"tags":[],"class_list":["post-77533","post","type-post","status-publish","format-standard","has-post-thumbnail","hentry","category-jundiai","category-noticias"],"_links":{"self":[{"href":"https:\/\/tvtecjundiai.com.br\/news\/wp-json\/wp\/v2\/posts\/77533","targetHints":{"allow":["GET"]}}],"collection":[{"href":"https:\/\/tvtecjundiai.com.br\/news\/wp-json\/wp\/v2\/posts"}],"about":[{"href":"https:\/\/tvtecjundiai.com.br\/news\/wp-json\/wp\/v2\/types\/post"}],"author":[{"embeddable":true,"href":"https:\/\/tvtecjundiai.com.br\/news\/wp-json\/wp\/v2\/users\/28"}],"replies":[{"embeddable":true,"href":"https:\/\/tvtecjundiai.com.br\/news\/wp-json\/wp\/v2\/comments?post=77533"}],"version-history":[{"count":1,"href":"https:\/\/tvtecjundiai.com.br\/news\/wp-json\/wp\/v2\/posts\/77533\/revisions"}],"predecessor-version":[{"id":77534,"href":"https:\/\/tvtecjundiai.com.br\/news\/wp-json\/wp\/v2\/posts\/77533\/revisions\/77534"}],"wp:featuredmedia":[{"embeddable":true,"href":"https:\/\/tvtecjundiai.com.br\/news\/wp-json\/wp\/v2\/media\/59359"}],"wp:attachment":[{"href":"https:\/\/tvtecjundiai.com.br\/news\/wp-json\/wp\/v2\/media?parent=77533"}],"wp:term":[{"taxonomy":"category","embeddable":true,"href":"https:\/\/tvtecjundiai.com.br\/news\/wp-json\/wp\/v2\/categories?post=77533"},{"taxonomy":"post_tag","embeddable":true,"href":"https:\/\/tvtecjundiai.com.br\/news\/wp-json\/wp\/v2\/tags?post=77533"}],"curies":[{"name":"wp","href":"https:\/\/api.w.org\/{rel}","templated":true}]}}