{"id":77538,"date":"2021-06-14T14:47:55","date_gmt":"2021-06-14T17:47:55","guid":{"rendered":"https:\/\/tvtecjundiai.com.br\/news\/?p=77538"},"modified":"2021-06-14T14:47:55","modified_gmt":"2021-06-14T17:47:55","slug":"ministro-diz-que-3-milhoes-de-doses-da-janssen-devem-chegar-ao-brasil-na-quarta-feira-16","status":"publish","type":"post","link":"https:\/\/tvtecjundiai.com.br\/news\/2021\/06\/14\/ministro-diz-que-3-milhoes-de-doses-da-janssen-devem-chegar-ao-brasil-na-quarta-feira-16\/","title":{"rendered":"Ministro diz que 3 milh\u00f5es de doses da Janssen devem chegar ao Brasil na quarta-feira (16)"},"content":{"rendered":"\n<p>O ministro da Sa\u00fade, Marcelo Queiroga, disse nesta segunda-feira (14) que os 3 milh\u00f5es de doses da Janssen devem chegar ao Brasil na quarta-feira (16). O ministro deu a declara\u00e7\u00e3o em Bras\u00edlia depois e uma reuni\u00e3o no Pal\u00e1cio do Planalto com o presidente Jair Bolsonaro.<\/p>\n\n\n\n<p>Em nota, o Minist\u00e9rio da Sa\u00fade informou que a entrega n\u00e3o ocorrer\u00e1 na ter\u00e7a-feira (15), como anunciado anteriormente. &#8220;A pasta aguarda confirma\u00e7\u00e3o da data por parte do laborat\u00f3rio, mas a expectativa \u00e9 de que as doses cheguem ainda esta semana ao pa\u00eds em tr\u00eas remessas&#8221;, informou a pasta em nota.<\/p>\n\n\n\n<p>A farmac\u00eautica diz que continua em negocia\u00e7\u00e3o com o governo federal. &#8220;Seguimos dialogando com o Minist\u00e9rio da Sa\u00fade e outras autoridades locais com o objetivo de disponibilizar a vacina no pa\u00eds o quanto antes. Compartilharemos novas informa\u00e7\u00f5es assim que houver atualiza\u00e7\u00f5es&#8221;, informou a farmac\u00eautica.<\/p>\n\n\n\n<div class=\"wp-block-image\"><figure class=\"aligncenter size-large\"><img loading=\"lazy\" decoding=\"async\" width=\"868\" height=\"644\" src=\"https:\/\/tvtecjundiai.com.br\/news\/wp-content\/uploads\/sites\/2\/2021\/06\/janssen-vacina-divulgacao-abr2021-868x644-1.jpeg\" alt=\"\" class=\"wp-image-77539\" srcset=\"https:\/\/tvtecjundiai.com.br\/news\/wp-content\/uploads\/sites\/2\/2021\/06\/janssen-vacina-divulgacao-abr2021-868x644-1.jpeg 868w, https:\/\/tvtecjundiai.com.br\/news\/wp-content\/uploads\/sites\/2\/2021\/06\/janssen-vacina-divulgacao-abr2021-868x644-1-300x223.jpeg 300w, https:\/\/tvtecjundiai.com.br\/news\/wp-content\/uploads\/sites\/2\/2021\/06\/janssen-vacina-divulgacao-abr2021-868x644-1-768x570.jpeg 768w\" sizes=\"auto, (max-width: 868px) 100vw, 868px\" \/><figcaption>O ministro da Sa\u00fade, Marcelo Queiroga, disse nesta segunda-feira (14) que os 3 milh\u00f5es de doses da Janssen devem chegar ao Brasil na quarta-feira (16)<\/figcaption><\/figure><\/div>\n\n\n\n<p><strong>Envio autorizado e validade<\/strong><br>O envio das doses dependia de autoriza\u00e7\u00e3o da ag\u00eancia reguladora de medicamentos dos Estados Unidos, a FDA. A permiss\u00e3o foi concedida no s\u00e1bado (12). Na quinta-feira (10) a Johnson &amp; Johnson, respons\u00e1vel pela farmac\u00eautica Janssen, anunciou que a FDA aumentou de tr\u00eas para quatro meses e meio o prazo de validade da vacina contra COVID-19 da Janssen.<\/p>\n\n\n\n<p>Segundo o Minist\u00e9rio da Sa\u00fade, as vacinas ser\u00e3o distribu\u00eddas para as capitais por conta da log\u00edstica e t\u00eam validade inicialmente at\u00e9 o dia 27 de junho, mas a Anvisa estuda prorrogar esse prazo, acompanhando a FDA. O novo prazo de validade deve ser ampliado at\u00e9 8 de agosto.<\/p>\n\n\n\n<p>Como este imunizante \u00e9 aplicado em dose \u00fanica, uma aplica\u00e7\u00e3o da vacina da Janssen equivale a duas doses das demais vacinas que est\u00e3o sendo aplicadas no Brasil (Pfizer, CoronaVac e AstraZeneca).<\/p>\n\n\n\n<p><em>(Texto: G1\/Imagem: Divulga\u00e7\u00e3o Johnson &amp; Johnson)<\/em><\/p>\n","protected":false},"excerpt":{"rendered":"<p>Minist\u00e9rio aguarda posicionamento da Anvisa sobre a possibilidade de prorrogar a validade da vacina<\/p>\n","protected":false},"author":28,"featured_media":77539,"comment_status":"closed","ping_status":"closed","sticky":false,"template":"","format":"standard","meta":{"footnotes":""},"categories":[8356,1],"tags":[],"class_list":["post-77538","post","type-post","status-publish","format-standard","has-post-thumbnail","hentry","category-jundiai","category-noticias"],"_links":{"self":[{"href":"https:\/\/tvtecjundiai.com.br\/news\/wp-json\/wp\/v2\/posts\/77538","targetHints":{"allow":["GET"]}}],"collection":[{"href":"https:\/\/tvtecjundiai.com.br\/news\/wp-json\/wp\/v2\/posts"}],"about":[{"href":"https:\/\/tvtecjundiai.com.br\/news\/wp-json\/wp\/v2\/types\/post"}],"author":[{"embeddable":true,"href":"https:\/\/tvtecjundiai.com.br\/news\/wp-json\/wp\/v2\/users\/28"}],"replies":[{"embeddable":true,"href":"https:\/\/tvtecjundiai.com.br\/news\/wp-json\/wp\/v2\/comments?post=77538"}],"version-history":[{"count":2,"href":"https:\/\/tvtecjundiai.com.br\/news\/wp-json\/wp\/v2\/posts\/77538\/revisions"}],"predecessor-version":[{"id":77554,"href":"https:\/\/tvtecjundiai.com.br\/news\/wp-json\/wp\/v2\/posts\/77538\/revisions\/77554"}],"wp:featuredmedia":[{"embeddable":true,"href":"https:\/\/tvtecjundiai.com.br\/news\/wp-json\/wp\/v2\/media\/77539"}],"wp:attachment":[{"href":"https:\/\/tvtecjundiai.com.br\/news\/wp-json\/wp\/v2\/media?parent=77538"}],"wp:term":[{"taxonomy":"category","embeddable":true,"href":"https:\/\/tvtecjundiai.com.br\/news\/wp-json\/wp\/v2\/categories?post=77538"},{"taxonomy":"post_tag","embeddable":true,"href":"https:\/\/tvtecjundiai.com.br\/news\/wp-json\/wp\/v2\/tags?post=77538"}],"curies":[{"name":"wp","href":"https:\/\/api.w.org\/{rel}","templated":true}]}}