{"id":77543,"date":"2021-06-15T10:00:00","date_gmt":"2021-06-15T13:00:00","guid":{"rendered":"https:\/\/tvtecjundiai.com.br\/news\/?p=77543"},"modified":"2021-06-15T11:36:56","modified_gmt":"2021-06-15T14:36:56","slug":"nutricionista-busca-em-curso-da-tvtec-nova-maneira-de-se-inovar-profissionalmente-1","status":"publish","type":"post","link":"https:\/\/tvtecjundiai.com.br\/news\/2021\/06\/15\/nutricionista-busca-em-curso-da-tvtec-nova-maneira-de-se-inovar-profissionalmente-1\/","title":{"rendered":"Nutricionista busca em curso da TVTEC nova maneira de se inovar profissionalmente"},"content":{"rendered":"\n<p>A nutricionista Mayara Fornaro Amadi, de 27 anos, n\u00e3o quer perder tempo no que diz respeito \u00e0s atualiza\u00e7\u00f5es profissionais. Ainda mais com a chegada da pandemia, Mayara percebeu que as transforma\u00e7\u00f5es digitais n\u00e3o esperam por ningu\u00e9m e que os profissionais devem buscar as ferramentas que est\u00e3o ao seu alcance como maneira de se atualizar.<\/p>\n\n\n\n<p>Mayara fez o curso de \u201cEmpreendedorismo e Design Thinking\u201d, oferecido pela Prefeitura de Jundia\u00ed em parceria com a TVTEC, e buscou o curso, principalmente pelas \u201cideias, inova\u00e7\u00f5es e novas formas de comunica\u00e7\u00e3o que possam ser aplicadas em processos e situa\u00e7\u00f5es vivenciados profissionalmente\u201d.<\/p>\n\n\n\n<div class=\"wp-block-image\"><figure class=\"aligncenter size-large is-resized\"><img loading=\"lazy\" decoding=\"async\" src=\"https:\/\/tvtecjundiai.com.br\/news\/wp-content\/uploads\/sites\/2\/2021\/06\/Foto-Mayara-F.-Amadi-TV-TEC-720x960.jpeg\" alt=\"\" class=\"wp-image-77544\" width=\"385\" height=\"513\" \/><figcaption>Mayara buscou se inovar profissionalmente <\/figcaption><\/figure><\/div>\n\n\n\n<p>Atuando como nutricionista h\u00e1 cinco anos, Mayara acredita que o planejamento deve fazer parte da vida profissional. \u201cO planejamento, a inova\u00e7\u00e3o e a busca por novas abordagens e estrat\u00e9gias aos problemas \u00e9, ou deveria ser, constante\u201d, analisa.<\/p>\n\n\n\n<ul class=\"wp-block-list\"><li>Leia mais sobre o curso &#8220;Empreendedorismo e Design Thinking&#8221; <a href=\"https:\/\/bit.ly\/3pTOdok\">https:\/\/bit.ly\/3pTOdok<\/a><\/li><\/ul>\n\n\n\n<p>Assim como outros profissionais, Mayara viu a necessidade de se especializar com a chegada da pandemia, j\u00e1 que muitos de seus clientes n\u00e3o quiseram aderir \u00e0s consultas online. \u201cNo in\u00edcio da pandemia, mesmo com a autoriza\u00e7\u00e3o do Conselho Federal de Nutricionistas para o atendimento n\u00e3o presencial, que para mim foi uma inova\u00e7\u00e3o positiva e que deveria permanecer mesmo ap\u00f3s a pandemia, algumas pessoas n\u00e3o aderiram a esse novo modelo de atendimento, como no caso os idosos, preferindo o atendimento presencial\u201d. Ela conta que foram necess\u00e1rias mudan\u00e7as, para que tanto ela quanto os pacientes, se sentissem seguros para a realiza\u00e7\u00e3o dos atendimentos.<\/p>\n\n\n\n<p>Para Mayara, se h\u00e1 algo que foi proveitoso nesta quarentena foi a necessidade dos profissionais se capacitarem para continuarem no mercado. \u201cNesse momento de pandemia os profissionais devem buscar por planejamento, inova\u00e7\u00e3o e atualiza\u00e7\u00e3o para auxiliar na perman\u00eancia em suas profiss\u00f5es\u201d, avalia.<\/p>\n\n\n\n<p><em>(Texto: TVTEC\/Imagem: Arquivo Pessoal)<\/em><\/p>\n","protected":false},"excerpt":{"rendered":"<p>Mayara viu que tamb\u00e9m precisaria aderir \u00e0s novas estrat\u00e9gias para se manter atualizada no mercado<\/p>\n","protected":false},"author":28,"featured_media":77544,"comment_status":"closed","ping_status":"closed","sticky":false,"template":"","format":"standard","meta":{"footnotes":""},"categories":[8356,1],"tags":[],"class_list":["post-77543","post","type-post","status-publish","format-standard","has-post-thumbnail","hentry","category-jundiai","category-noticias"],"_links":{"self":[{"href":"https:\/\/tvtecjundiai.com.br\/news\/wp-json\/wp\/v2\/posts\/77543","targetHints":{"allow":["GET"]}}],"collection":[{"href":"https:\/\/tvtecjundiai.com.br\/news\/wp-json\/wp\/v2\/posts"}],"about":[{"href":"https:\/\/tvtecjundiai.com.br\/news\/wp-json\/wp\/v2\/types\/post"}],"author":[{"embeddable":true,"href":"https:\/\/tvtecjundiai.com.br\/news\/wp-json\/wp\/v2\/users\/28"}],"replies":[{"embeddable":true,"href":"https:\/\/tvtecjundiai.com.br\/news\/wp-json\/wp\/v2\/comments?post=77543"}],"version-history":[{"count":1,"href":"https:\/\/tvtecjundiai.com.br\/news\/wp-json\/wp\/v2\/posts\/77543\/revisions"}],"predecessor-version":[{"id":77545,"href":"https:\/\/tvtecjundiai.com.br\/news\/wp-json\/wp\/v2\/posts\/77543\/revisions\/77545"}],"wp:featuredmedia":[{"embeddable":true,"href":"https:\/\/tvtecjundiai.com.br\/news\/wp-json\/wp\/v2\/media\/77544"}],"wp:attachment":[{"href":"https:\/\/tvtecjundiai.com.br\/news\/wp-json\/wp\/v2\/media?parent=77543"}],"wp:term":[{"taxonomy":"category","embeddable":true,"href":"https:\/\/tvtecjundiai.com.br\/news\/wp-json\/wp\/v2\/categories?post=77543"},{"taxonomy":"post_tag","embeddable":true,"href":"https:\/\/tvtecjundiai.com.br\/news\/wp-json\/wp\/v2\/tags?post=77543"}],"curies":[{"name":"wp","href":"https:\/\/api.w.org\/{rel}","templated":true}]}}