{"id":77551,"date":"2021-06-14T15:54:48","date_gmt":"2021-06-14T18:54:48","guid":{"rendered":"https:\/\/tvtecjundiai.com.br\/news\/?p=77551"},"modified":"2021-06-14T15:54:48","modified_gmt":"2021-06-14T18:54:48","slug":"pessoas-com-comorbidades-e-idosos-sem-vacina-contra-covid-19-devem-agendar-em-ubs-ou-cac","status":"publish","type":"post","link":"https:\/\/tvtecjundiai.com.br\/news\/2021\/06\/14\/pessoas-com-comorbidades-e-idosos-sem-vacina-contra-covid-19-devem-agendar-em-ubs-ou-cac\/","title":{"rendered":"Pessoas com comorbidades e idosos sem vacina contra COVID-19 devem agendar em UBS ou CAC"},"content":{"rendered":"\n<p>Com o avan\u00e7o para a segunda fase de vacina\u00e7\u00e3o contra a COVID-19, as pessoas dos grupos j\u00e1 contemplados a partir da campanha de vacina\u00e7\u00e3o (idosos acima de 60 anos, pessoas com comorbidades a partir de 18 anos, transplantados, pessoas com s\u00edndrome de Down, imunossuprimidos entre outros grupos j\u00e1 contemplados) devem buscar pelo agendamento da primeira dose na Unidade B\u00e1sica de Sa\u00fade (UBS) de refer\u00eancia ou na Central de Agendamento de Consultas (CAC), pelo telefone 4531-8670.<\/p>\n\n\n\n<p>Cerca de 3 mil pessoas desses grupos ainda n\u00e3o buscaram pela aplica\u00e7\u00e3o da vacina contra o Novo Coronav\u00edrus, de acordo com dados estratificados da Funda\u00e7\u00e3o Seade, em rela\u00e7\u00e3o \u00e0 estimativa realizada pela Secretaria de Estado da Sa\u00fade do Governo de S\u00e3o Paulo.<\/p>\n\n\n\n<figure class=\"wp-block-image size-large\"><img loading=\"lazy\" decoding=\"async\" width=\"1200\" height=\"801\" src=\"https:\/\/tvtecjundiai.com.br\/news\/wp-content\/uploads\/sites\/2\/2021\/06\/vacinacao_covid_profissionais-educacao_ubs-jardim-do-lago-17-1200x801.jpg\" alt=\"\" class=\"wp-image-77552\" srcset=\"https:\/\/tvtecjundiai.com.br\/news\/wp-content\/uploads\/sites\/2\/2021\/06\/vacinacao_covid_profissionais-educacao_ubs-jardim-do-lago-17-1200x801.jpg 1200w, https:\/\/tvtecjundiai.com.br\/news\/wp-content\/uploads\/sites\/2\/2021\/06\/vacinacao_covid_profissionais-educacao_ubs-jardim-do-lago-17-300x200.jpg 300w, https:\/\/tvtecjundiai.com.br\/news\/wp-content\/uploads\/sites\/2\/2021\/06\/vacinacao_covid_profissionais-educacao_ubs-jardim-do-lago-17-768x512.jpg 768w, https:\/\/tvtecjundiai.com.br\/news\/wp-content\/uploads\/sites\/2\/2021\/06\/vacinacao_covid_profissionais-educacao_ubs-jardim-do-lago-17.jpg 1280w\" sizes=\"auto, (max-width: 1200px) 100vw, 1200px\" \/><figcaption>Cerca de 3 mil pessoas de grupos de idosos e pessoas com comorbidades ainda n\u00e3o receberam a primeira dose contra COVID-19<\/figcaption><\/figure>\n\n\n\n<p>Cada grupo conta com documenta\u00e7\u00e3o espec\u00edfica que deve ser apresentada no dia da vacina\u00e7\u00e3o. A rela\u00e7\u00e3o pode ser consultada no site da Prefeitura de Jundia\u00ed, na p\u00e1gina Coronav\u00edrus. Os moradores de Jundia\u00ed que est\u00e3o na condi\u00e7\u00e3o devem procurar pela UBS de refer\u00eancia para o agendamento ou ligar para a CAC, pelo 4531-8670. No dia da aplica\u00e7\u00e3o, n\u00e3o esquecer de levar as documenta\u00e7\u00f5es necess\u00e1rias para a sua categoria. A consulta pode ser feita no site da\u00a0<a href=\"https:\/\/jundiai.sp.gov.br\/coronavirus\/grupos\/\">Prefeitura de Jundia\u00ed.<\/a><\/p>\n\n\n\n<p><em>(Texto\/Imagem: Prefeitura de Jundia\u00ed)<\/em><\/p>\n","protected":false},"excerpt":{"rendered":"<p>Cerca de 3 mil pessoas desses grupos ainda n\u00e3o buscaram pela aplica\u00e7\u00e3o da vacina contra o Novo Coronav\u00edrus<\/p>\n","protected":false},"author":28,"featured_media":77552,"comment_status":"closed","ping_status":"closed","sticky":false,"template":"","format":"standard","meta":{"footnotes":""},"categories":[8356,1],"tags":[],"class_list":["post-77551","post","type-post","status-publish","format-standard","has-post-thumbnail","hentry","category-jundiai","category-noticias"],"_links":{"self":[{"href":"https:\/\/tvtecjundiai.com.br\/news\/wp-json\/wp\/v2\/posts\/77551","targetHints":{"allow":["GET"]}}],"collection":[{"href":"https:\/\/tvtecjundiai.com.br\/news\/wp-json\/wp\/v2\/posts"}],"about":[{"href":"https:\/\/tvtecjundiai.com.br\/news\/wp-json\/wp\/v2\/types\/post"}],"author":[{"embeddable":true,"href":"https:\/\/tvtecjundiai.com.br\/news\/wp-json\/wp\/v2\/users\/28"}],"replies":[{"embeddable":true,"href":"https:\/\/tvtecjundiai.com.br\/news\/wp-json\/wp\/v2\/comments?post=77551"}],"version-history":[{"count":1,"href":"https:\/\/tvtecjundiai.com.br\/news\/wp-json\/wp\/v2\/posts\/77551\/revisions"}],"predecessor-version":[{"id":77553,"href":"https:\/\/tvtecjundiai.com.br\/news\/wp-json\/wp\/v2\/posts\/77551\/revisions\/77553"}],"wp:featuredmedia":[{"embeddable":true,"href":"https:\/\/tvtecjundiai.com.br\/news\/wp-json\/wp\/v2\/media\/77552"}],"wp:attachment":[{"href":"https:\/\/tvtecjundiai.com.br\/news\/wp-json\/wp\/v2\/media?parent=77551"}],"wp:term":[{"taxonomy":"category","embeddable":true,"href":"https:\/\/tvtecjundiai.com.br\/news\/wp-json\/wp\/v2\/categories?post=77551"},{"taxonomy":"post_tag","embeddable":true,"href":"https:\/\/tvtecjundiai.com.br\/news\/wp-json\/wp\/v2\/tags?post=77551"}],"curies":[{"name":"wp","href":"https:\/\/api.w.org\/{rel}","templated":true}]}}