{"id":77555,"date":"2021-06-14T16:30:46","date_gmt":"2021-06-14T19:30:46","guid":{"rendered":"https:\/\/tvtecjundiai.com.br\/news\/?p=77555"},"modified":"2021-06-14T16:30:46","modified_gmt":"2021-06-14T19:30:46","slug":"preco-do-gas-de-cozinha-tem-nova-alta-nas-distribuidoras-a-partir-desta-segunda-feira-14","status":"publish","type":"post","link":"https:\/\/tvtecjundiai.com.br\/news\/2021\/06\/14\/preco-do-gas-de-cozinha-tem-nova-alta-nas-distribuidoras-a-partir-desta-segunda-feira-14\/","title":{"rendered":"Pre\u00e7o do g\u00e1s de cozinha tem nova alta nas distribuidoras a partir desta segunda-feira (14)"},"content":{"rendered":"\n<p>A partir desta segunda-feira (14) o g\u00e1s de cozinha est\u00e1 mais caro. O pre\u00e7o m\u00e9dio de GLP sofreu reajuste de 5,9% nas distribuidoras, passando para R$ 3,40 por quilograma (kg), o que representa aumento m\u00e9dio de R$ 0,19 por kg. A Petrobras anunciou o aumento na \u00faltima sexta-feira (11).<\/p>\n\n\n\n<p>Antes deste \u00faltimo aumento, o botij\u00e3o de 13 kg j\u00e1 podia ser encontrado por mais de R$ 100 na cidade de S\u00e3o Paulo. Na regi\u00e3o Norte da capital, por exemplo, o pre\u00e7o chegava a R$ 113. Em maio, o pre\u00e7o do g\u00e1s de cozinha subiu 1,24%, em m\u00e9dia, em todo o Brasil, segundo o IBGE (Instituto Brasileiro de Geografia e Estat\u00edstica). J\u00e1 o g\u00e1s encanado teve aumento de 4,58%.<\/p>\n\n\n\n<p>Este n\u00e3o \u00e9 o primeiro reajuste do g\u00e1s de cozinha no ano. Em janeiro, a Petrobras elevou o pre\u00e7o em 6%. No m\u00eas seguinte, a alta foi de 5,1%. Em mar\u00e7o, um novo reajuste m\u00e9dio de R$ 0,15 por quilo foi anunciado e, em abril, o aumento foi de 5%.<\/p>\n\n\n\n<p>Vale dizer que a conta de luz subiu 5,73% e a conta de \u00e1gua e esgoto teve aumento de 1,61%, o grupo Habita\u00e7\u00e3o foi o que teve mais impacto no IPCA (\u00cdndice de Pre\u00e7os ao Consumidor Amplo) em maio, sendo respons\u00e1vel pelo incremento de 0,28 percentual. No m\u00eas passado, a infla\u00e7\u00e3o oficial do Brasil avan\u00e7ou 0,83%, a maior taxa para o m\u00eas desde 1996.<\/p>\n\n\n\n<p>Nesta sexta, a Petrobras tamb\u00e9m anunciou redu\u00e7\u00e3o de 2% da gasolina nas refinarias, a partir de s\u00e1bado (12). O pre\u00e7o m\u00e9dio do diesel, por sua vez, n\u00e3o sofrer\u00e1 altera\u00e7\u00f5es.<\/p>\n\n\n\n<p>&#8220;Importante refor\u00e7ar o posicionamento da Petrobras que busca evitar o repasse imediato para os pre\u00e7os internos da volatilidade externa causada por eventos conjunturais. Nossos pre\u00e7os seguem buscando o equil\u00edbrio com o mercado internacional e acompanham as varia\u00e7\u00f5es do valor dos produtos e da taxa de c\u00e2mbio, para cima e para baixo&#8221;, afirmou a companhia, em comunicado.<\/p>\n\n\n\n<p>A Petrobras refor\u00e7ou ainda que &#8220;os valores praticados nas refinarias s\u00e3o diferentes dos percebidos pelo consumidor final no varejo&#8221;. A empresa lembra que at\u00e9 chegar ao consumidor s\u00e3o acrescidos &#8220;tributos federais e estaduais, custos para envase pelas distribuidoras, al\u00e9m dos custos e margens das companhias distribuidoras e dos revendedores&#8221;.<\/p>\n\n\n\n<figure class=\"wp-block-image size-large\"><img loading=\"lazy\" decoding=\"async\" width=\"1200\" height=\"857\" src=\"https:\/\/tvtecjundiai.com.br\/news\/wp-content\/uploads\/sites\/2\/2017\/11\/gas-1200x857.jpg\" alt=\"\" class=\"wp-image-2533\" srcset=\"https:\/\/tvtecjundiai.com.br\/news\/wp-content\/uploads\/sites\/2\/2017\/11\/gas-1200x857.jpg 1200w, https:\/\/tvtecjundiai.com.br\/news\/wp-content\/uploads\/sites\/2\/2017\/11\/gas-300x214.jpg 300w, https:\/\/tvtecjundiai.com.br\/news\/wp-content\/uploads\/sites\/2\/2017\/11\/gas-768x549.jpg 768w, https:\/\/tvtecjundiai.com.br\/news\/wp-content\/uploads\/sites\/2\/2017\/11\/gas.jpg 2048w\" sizes=\"auto, (max-width: 1200px) 100vw, 1200px\" \/><figcaption>O pre\u00e7o m\u00e9dio de GLP sofreu reajuste de 5,9% nas distribuidoras<\/figcaption><\/figure>\n\n\n\n<p><strong>Perspectivas do pre\u00e7o<\/strong><\/p>\n\n\n\n<p>Para quem se pergunta se o pre\u00e7o do g\u00e1s vai cair, o cen\u00e1rio n\u00e3o \u00e9 t\u00e3o animador assim.<\/p>\n\n\n\n<p>Primeiro, temos que entender os fatores que determinam o pre\u00e7o do g\u00e1s no Brasil. O economista e professor da FGV-RJ (Funda\u00e7\u00e3o Getulio Vargas) Mauro Rochlin conversou com o CNN Brasil Business para explicar a forma\u00e7\u00e3o de pre\u00e7o do combust\u00edvel.<\/p>\n\n\n\n<p>O g\u00e1s de cozinha ou encanado \u00e9 um derivado do petr\u00f3leo. Portanto, o pre\u00e7o do combust\u00edvel f\u00f3ssil \u00e9 o principal fator para a forma\u00e7\u00e3o de pre\u00e7o do botij\u00e3o. E \u00e9 a\u00ed que a coisa come\u00e7a a ficar complicada.<\/p>\n\n\n\n<p>O barril do petr\u00f3leo Brent era negociado a US$ 72,40 nesta quinta-feira, muito pr\u00f3ximo do patamar pr\u00e9-pandemia \u2013em 20 de maio de 2019, a cota\u00e7\u00e3o alcan\u00e7ou US$ 72,83. No per\u00edodo mais agudo da recente crise econ\u00f4mica, o pre\u00e7o do barril do Brent chegou a afundar para US$ 22,74.<\/p>\n\n\n\n<p>Portanto, se o petr\u00f3leo est\u00e1 mais caro, o g\u00e1s na sua cozinha tamb\u00e9m ficar\u00e1.<\/p>\n\n\n\n<p>Ainda \u00e9 preciso considerar que a commodity \u00e9 negociada em d\u00f3lares. Hoje, cada d\u00f3lar vale cerca de R$ 5. \u00c9 verdade que o real est\u00e1 se valorizando ante a moeda norte-americana, mas a alta do pre\u00e7o do petr\u00f3leo vem anulando este que seria um fator positivo no pre\u00e7o do g\u00e1s.<\/p>\n\n\n\n<p>O governo interveio e zerou a al\u00edquota de PIS e Cofins que incide sobre o g\u00e1s de cozinha, mas a redu\u00e7\u00e3o no pre\u00e7o n\u00e3o chegou ao consumidor porque as empresas aproveitaram para ter alguma margem de lucro.<\/p>\n\n\n\n<p>&#8220;Muitas companhias j\u00e1 avisaram que, analisando a planilha de custos, n\u00e3o poder\u00e3o repassar a queda do imposto, ou seja, a medida s\u00f3 vai ajudar a aumentar a lucratividade das distribuidoras&#8221;, disse, em mar\u00e7o, o presidente da Associa\u00e7\u00e3o Brasileira dos Revendedores de G\u00e1s Liquefeito de Petr\u00f3leo (Asmirg), Alexandre Borjaili.<\/p>\n\n\n\n<p><em>(Texto: CNN\/Imagem: TVTEC)<\/em><\/p>\n","protected":false},"excerpt":{"rendered":"<p>O pre\u00e7o m\u00e9dio de GLP sofreu reajuste de 5,9% nas distribuidoras<\/p>\n","protected":false},"author":28,"featured_media":2533,"comment_status":"closed","ping_status":"closed","sticky":false,"template":"","format":"standard","meta":{"footnotes":""},"categories":[8356,1],"tags":[],"class_list":["post-77555","post","type-post","status-publish","format-standard","has-post-thumbnail","hentry","category-jundiai","category-noticias"],"_links":{"self":[{"href":"https:\/\/tvtecjundiai.com.br\/news\/wp-json\/wp\/v2\/posts\/77555","targetHints":{"allow":["GET"]}}],"collection":[{"href":"https:\/\/tvtecjundiai.com.br\/news\/wp-json\/wp\/v2\/posts"}],"about":[{"href":"https:\/\/tvtecjundiai.com.br\/news\/wp-json\/wp\/v2\/types\/post"}],"author":[{"embeddable":true,"href":"https:\/\/tvtecjundiai.com.br\/news\/wp-json\/wp\/v2\/users\/28"}],"replies":[{"embeddable":true,"href":"https:\/\/tvtecjundiai.com.br\/news\/wp-json\/wp\/v2\/comments?post=77555"}],"version-history":[{"count":1,"href":"https:\/\/tvtecjundiai.com.br\/news\/wp-json\/wp\/v2\/posts\/77555\/revisions"}],"predecessor-version":[{"id":77556,"href":"https:\/\/tvtecjundiai.com.br\/news\/wp-json\/wp\/v2\/posts\/77555\/revisions\/77556"}],"wp:featuredmedia":[{"embeddable":true,"href":"https:\/\/tvtecjundiai.com.br\/news\/wp-json\/wp\/v2\/media\/2533"}],"wp:attachment":[{"href":"https:\/\/tvtecjundiai.com.br\/news\/wp-json\/wp\/v2\/media?parent=77555"}],"wp:term":[{"taxonomy":"category","embeddable":true,"href":"https:\/\/tvtecjundiai.com.br\/news\/wp-json\/wp\/v2\/categories?post=77555"},{"taxonomy":"post_tag","embeddable":true,"href":"https:\/\/tvtecjundiai.com.br\/news\/wp-json\/wp\/v2\/tags?post=77555"}],"curies":[{"name":"wp","href":"https:\/\/api.w.org\/{rel}","templated":true}]}}