{"id":77557,"date":"2021-06-14T16:40:29","date_gmt":"2021-06-14T19:40:29","guid":{"rendered":"https:\/\/tvtecjundiai.com.br\/news\/?p=77557"},"modified":"2021-06-14T16:44:23","modified_gmt":"2021-06-14T19:44:23","slug":"jundiai-tem-mais-de-240-novos-casos-de-covid-19-registrados-nesta-segunda-feira-14","status":"publish","type":"post","link":"https:\/\/tvtecjundiai.com.br\/news\/2021\/06\/14\/jundiai-tem-mais-de-240-novos-casos-de-covid-19-registrados-nesta-segunda-feira-14\/","title":{"rendered":"Jundia\u00ed tem mais de 240 novos casos de COVID-19 registrados nesta segunda-feira (14)"},"content":{"rendered":"\n<p>A Prefeitura de Jundia\u00ed informa que, nesta segunda-feira (14), tr\u00eas \u00f3bitos foram contabilizados de residentes na cidade causados pelo Novo Coronav\u00edrus.<\/p>\n\n\n\n<p>Homem, 73 anos, portador de doen\u00e7a cardiovascular cr\u00f4nica e diabetes. Internou 05\/06 e faleceu 14\/06 no hospital S\u00e3o Vicente.<\/p>\n\n\n\n<p>Homem, 53 anos, portador de doen\u00e7a cardiovascular cr\u00f4nica. Internou 01\/06 e Faleceu 13\/06 no hospital S\u00e3o Vicente.<\/p>\n\n\n\n<p>Mulher, 55 anos, portadora de doen\u00e7a cardiovascular cr\u00f4nica. Internou 11\/06 e faleceu 12\/06 no hospital S\u00e3o Vicente.<\/p>\n\n\n\n<p>At\u00e9 o momento, a cidade registra 1283 \u00f3bitos causados pela COVID-19 desde o in\u00edcio da pandemia.<\/p>\n\n\n\n<figure class=\"wp-block-image size-large\"><img loading=\"lazy\" decoding=\"async\" width=\"960\" height=\"960\" src=\"https:\/\/tvtecjundiai.com.br\/news\/wp-content\/uploads\/sites\/2\/2021\/06\/WhatsApp-Image-2021-06-14-at-16.43.17-960x960.jpeg\" alt=\"\" class=\"wp-image-77561\" srcset=\"https:\/\/tvtecjundiai.com.br\/news\/wp-content\/uploads\/sites\/2\/2021\/06\/WhatsApp-Image-2021-06-14-at-16.43.17-960x960.jpeg 960w, https:\/\/tvtecjundiai.com.br\/news\/wp-content\/uploads\/sites\/2\/2021\/06\/WhatsApp-Image-2021-06-14-at-16.43.17-300x300.jpeg 300w, https:\/\/tvtecjundiai.com.br\/news\/wp-content\/uploads\/sites\/2\/2021\/06\/WhatsApp-Image-2021-06-14-at-16.43.17-100x100.jpeg 100w, https:\/\/tvtecjundiai.com.br\/news\/wp-content\/uploads\/sites\/2\/2021\/06\/WhatsApp-Image-2021-06-14-at-16.43.17-768x768.jpeg 768w, https:\/\/tvtecjundiai.com.br\/news\/wp-content\/uploads\/sites\/2\/2021\/06\/WhatsApp-Image-2021-06-14-at-16.43.17.jpeg 1280w\" sizes=\"auto, (max-width: 960px) 100vw, 960px\" \/><\/figure>\n\n\n\n<figure class=\"wp-block-image size-large\"><img loading=\"lazy\" decoding=\"async\" width=\"960\" height=\"960\" src=\"https:\/\/tvtecjundiai.com.br\/news\/wp-content\/uploads\/sites\/2\/2021\/06\/slide2-7-960x960.png\" alt=\"\" class=\"wp-image-77559\" srcset=\"https:\/\/tvtecjundiai.com.br\/news\/wp-content\/uploads\/sites\/2\/2021\/06\/slide2-7-960x960.png 960w, https:\/\/tvtecjundiai.com.br\/news\/wp-content\/uploads\/sites\/2\/2021\/06\/slide2-7-300x300.png 300w, https:\/\/tvtecjundiai.com.br\/news\/wp-content\/uploads\/sites\/2\/2021\/06\/slide2-7-100x100.png 100w, https:\/\/tvtecjundiai.com.br\/news\/wp-content\/uploads\/sites\/2\/2021\/06\/slide2-7-768x768.png 768w, https:\/\/tvtecjundiai.com.br\/news\/wp-content\/uploads\/sites\/2\/2021\/06\/slide2-7.png 1280w\" sizes=\"auto, (max-width: 960px) 100vw, 960px\" \/><\/figure>\n\n\n\n<p><em>(Texto\/Imagem: Prefeitura de Jundia\u00ed)<\/em><\/p>\n","protected":false},"excerpt":{"rendered":"<p>Tamb\u00e9m foram registrados tr\u00eas \u00f3bitos pelo Novo Coronav\u00edrus na cidade <\/p>\n","protected":false},"author":28,"featured_media":73244,"comment_status":"closed","ping_status":"closed","sticky":false,"template":"","format":"standard","meta":{"footnotes":""},"categories":[8356,1],"tags":[],"class_list":["post-77557","post","type-post","status-publish","format-standard","has-post-thumbnail","hentry","category-jundiai","category-noticias"],"_links":{"self":[{"href":"https:\/\/tvtecjundiai.com.br\/news\/wp-json\/wp\/v2\/posts\/77557","targetHints":{"allow":["GET"]}}],"collection":[{"href":"https:\/\/tvtecjundiai.com.br\/news\/wp-json\/wp\/v2\/posts"}],"about":[{"href":"https:\/\/tvtecjundiai.com.br\/news\/wp-json\/wp\/v2\/types\/post"}],"author":[{"embeddable":true,"href":"https:\/\/tvtecjundiai.com.br\/news\/wp-json\/wp\/v2\/users\/28"}],"replies":[{"embeddable":true,"href":"https:\/\/tvtecjundiai.com.br\/news\/wp-json\/wp\/v2\/comments?post=77557"}],"version-history":[{"count":2,"href":"https:\/\/tvtecjundiai.com.br\/news\/wp-json\/wp\/v2\/posts\/77557\/revisions"}],"predecessor-version":[{"id":77562,"href":"https:\/\/tvtecjundiai.com.br\/news\/wp-json\/wp\/v2\/posts\/77557\/revisions\/77562"}],"wp:featuredmedia":[{"embeddable":true,"href":"https:\/\/tvtecjundiai.com.br\/news\/wp-json\/wp\/v2\/media\/73244"}],"wp:attachment":[{"href":"https:\/\/tvtecjundiai.com.br\/news\/wp-json\/wp\/v2\/media?parent=77557"}],"wp:term":[{"taxonomy":"category","embeddable":true,"href":"https:\/\/tvtecjundiai.com.br\/news\/wp-json\/wp\/v2\/categories?post=77557"},{"taxonomy":"post_tag","embeddable":true,"href":"https:\/\/tvtecjundiai.com.br\/news\/wp-json\/wp\/v2\/tags?post=77557"}],"curies":[{"name":"wp","href":"https:\/\/api.w.org\/{rel}","templated":true}]}}