{"id":77563,"date":"2021-06-14T17:31:06","date_gmt":"2021-06-14T20:31:06","guid":{"rendered":"https:\/\/tvtecjundiai.com.br\/news\/?p=77563"},"modified":"2021-06-14T17:31:06","modified_gmt":"2021-06-14T20:31:06","slug":"guarda-municipal-de-jundiai-segue-em-atuacao-contra-denuncias-de-aglomeracoes","status":"publish","type":"post","link":"https:\/\/tvtecjundiai.com.br\/news\/2021\/06\/14\/guarda-municipal-de-jundiai-segue-em-atuacao-contra-denuncias-de-aglomeracoes\/","title":{"rendered":"Guarda Municipal de Jundia\u00ed segue em atua\u00e7\u00e3o contra den\u00fancias de aglomera\u00e7\u00f5es"},"content":{"rendered":"\n<p>A Unidade de Seguran\u00e7a Municipal atrav\u00e9s da Guarda Municipal, segue com o trabalho de combate \u00e0s aglomera\u00e7\u00f5es em prote\u00e7\u00e3o contra a COVID-19. Neste final de semana foram realizados cerca de 10 atendimentos espec\u00edficos contra a aglomera\u00e7\u00e3o de pessoas. As chamadas foram em cumprimento \u00e0s diversas den\u00fancias realizadas no telefone 153 emerg\u00eancia da GM e APP Jundia\u00ed.<\/p>\n\n\n\n<p>Bares, pra\u00e7as, choperias, adegas e conjuntos de submoradias foram alvos das equipes que durante o dia e a noite fizeram fiscaliza\u00e7\u00f5es e orienta\u00e7\u00f5es relativas \u00e0 necessidade do cumprimento \u00e0s regras de sanit\u00e1rias de prote\u00e7\u00e3o contra a dissemina\u00e7\u00e3o no Novo Coronav\u00edrus. \u201cTodos obedeceram as orienta\u00e7\u00f5es dos guardas e se dispersaram. Ningu\u00e9m foi conduzido \u00e0 delegacia\u201d, disse o comandante da GMJ, Benedito Marcos Moreno.<\/p>\n\n\n\n<figure class=\"wp-block-image size-large\"><img loading=\"lazy\" decoding=\"async\" width=\"1200\" height=\"801\" src=\"https:\/\/tvtecjundiai.com.br\/news\/wp-content\/uploads\/sites\/2\/2021\/06\/gm1-1200x801.jpeg\" alt=\"\" class=\"wp-image-77564\" srcset=\"https:\/\/tvtecjundiai.com.br\/news\/wp-content\/uploads\/sites\/2\/2021\/06\/gm1-1200x801.jpeg 1200w, https:\/\/tvtecjundiai.com.br\/news\/wp-content\/uploads\/sites\/2\/2021\/06\/gm1-300x200.jpeg 300w, https:\/\/tvtecjundiai.com.br\/news\/wp-content\/uploads\/sites\/2\/2021\/06\/gm1-768x512.jpeg 768w, https:\/\/tvtecjundiai.com.br\/news\/wp-content\/uploads\/sites\/2\/2021\/06\/gm1.jpeg 1280w\" sizes=\"auto, (max-width: 1200px) 100vw, 1200px\" \/><figcaption>Atua\u00e7\u00e3o da GM em v\u00e1rios pontos da cidade tem como foco a conten\u00e7\u00e3o de aglomera\u00e7\u00f5es<\/figcaption><\/figure>\n\n\n\n<p>Todas as den\u00fancias que chegam pelos canais 156, 153 ou APP Jundia\u00ed s\u00e3o averiguadas e, em se constatando irregularidades, os respons\u00e1veis s\u00e3o orientados para o cumprimento dos regramentos sanit\u00e1rios e de controle.<\/p>\n\n\n\n<p>Al\u00e9m dos atendimentos de aglomera\u00e7\u00e3o, equipes do Apoio T\u00e1tico estiveram no Jardim S\u00e3o Camilo na sexta-feira (11) e s\u00e1bado (12) para coibir o \u201cpancad\u00e3o\u201d. Segundo o Comandante, desde 1\u00ba de janeiro de 2021, todos os finais de semana a GM mant\u00e9m equipes no bairro para impedir o evento em conjunto com Pol\u00edcia Militar.<\/p>\n\n\n\n<p><em>(Texto\/Imagem: Prefeitura de Jundia\u00ed)<\/em><\/p>\n","protected":false},"excerpt":{"rendered":"<p>Neste final de semana foram realizados cerca de 10 atendimentos espec\u00edficos contra a aglomera\u00e7\u00e3o de pessoas<\/p>\n","protected":false},"author":28,"featured_media":77564,"comment_status":"closed","ping_status":"closed","sticky":false,"template":"","format":"standard","meta":{"footnotes":""},"categories":[8356,1],"tags":[],"class_list":["post-77563","post","type-post","status-publish","format-standard","has-post-thumbnail","hentry","category-jundiai","category-noticias"],"_links":{"self":[{"href":"https:\/\/tvtecjundiai.com.br\/news\/wp-json\/wp\/v2\/posts\/77563","targetHints":{"allow":["GET"]}}],"collection":[{"href":"https:\/\/tvtecjundiai.com.br\/news\/wp-json\/wp\/v2\/posts"}],"about":[{"href":"https:\/\/tvtecjundiai.com.br\/news\/wp-json\/wp\/v2\/types\/post"}],"author":[{"embeddable":true,"href":"https:\/\/tvtecjundiai.com.br\/news\/wp-json\/wp\/v2\/users\/28"}],"replies":[{"embeddable":true,"href":"https:\/\/tvtecjundiai.com.br\/news\/wp-json\/wp\/v2\/comments?post=77563"}],"version-history":[{"count":1,"href":"https:\/\/tvtecjundiai.com.br\/news\/wp-json\/wp\/v2\/posts\/77563\/revisions"}],"predecessor-version":[{"id":77565,"href":"https:\/\/tvtecjundiai.com.br\/news\/wp-json\/wp\/v2\/posts\/77563\/revisions\/77565"}],"wp:featuredmedia":[{"embeddable":true,"href":"https:\/\/tvtecjundiai.com.br\/news\/wp-json\/wp\/v2\/media\/77564"}],"wp:attachment":[{"href":"https:\/\/tvtecjundiai.com.br\/news\/wp-json\/wp\/v2\/media?parent=77563"}],"wp:term":[{"taxonomy":"category","embeddable":true,"href":"https:\/\/tvtecjundiai.com.br\/news\/wp-json\/wp\/v2\/categories?post=77563"},{"taxonomy":"post_tag","embeddable":true,"href":"https:\/\/tvtecjundiai.com.br\/news\/wp-json\/wp\/v2\/tags?post=77563"}],"curies":[{"name":"wp","href":"https:\/\/api.w.org\/{rel}","templated":true}]}}