{"id":77568,"date":"2021-06-15T09:17:14","date_gmt":"2021-06-15T12:17:14","guid":{"rendered":"https:\/\/tvtecjundiai.com.br\/news\/?p=77568"},"modified":"2021-06-15T10:17:23","modified_gmt":"2021-06-15T13:17:23","slug":"desafios-no-contexto-da-pandemia-da-covid-19-e-tema-de-simposio-do-mes-do-patrimonio-historico","status":"publish","type":"post","link":"https:\/\/tvtecjundiai.com.br\/news\/2021\/06\/15\/desafios-no-contexto-da-pandemia-da-covid-19-e-tema-de-simposio-do-mes-do-patrimonio-historico\/","title":{"rendered":"Desafios no contexto da pandemia da COVID-19 \u00e9 tema de Simp\u00f3sio do M\u00eas do Patrim\u00f4nio Hist\u00f3rico"},"content":{"rendered":"\n<p>As rela\u00e7\u00f5es entre&nbsp;Turismo, Territ\u00f3rio e Educa\u00e7\u00e3o Patrimonial: desafios no contexto da pandemia da COVID-19 ser\u00e1 o tema central do 9\u00b0 Simp\u00f3sio do Patrim\u00f4nio Material e Imaterial de Jundia\u00ed-2021 numa realiza\u00e7\u00e3o da Prefeitura de Jundia\u00ed, por meio da Unidade de Gest\u00e3o de Cultura e do Departamento de Patrim\u00f4nio Hist\u00f3rico.<\/p>\n\n\n\n<p>O evento acontecer\u00e1 de 25 a 29 de agosto, com o objetivo de ampliar a discuss\u00e3o sobre o Patrim\u00f4nio Cultural Material e Imaterial da cidade e de todo pa\u00eds, bem como reunir historiadores, arquitetos, professores, alunos e p\u00fablico em geral interessado no tema. As &nbsp;inscri\u00e7\u00f5es j\u00e1 est\u00e3o abertas no site&nbsp;<a href=\"http:\/\/www.even3.com.br\/simposiopatrimoniojundiai\">www.even3.com.br\/simposiopatrimoniojundiai<\/a>.<\/p>\n\n\n\n<p>A programa\u00e7\u00e3o ser\u00e1 dividida em tr\u00eas eixos tem\u00e1ticos: Educa\u00e7\u00e3o Patrimonial, Cultura e Trabalho; Planejamento Territorial e o Direito \u00e0 cidade e Turismo Cultural e Patrim\u00f4nio com as discuss\u00f5es acad\u00eamicas acontecendo por meio de webconfer\u00eancias.<\/p>\n\n\n\n<div class=\"wp-block-image\"><figure class=\"aligncenter size-large\"><img loading=\"lazy\" decoding=\"async\" width=\"1200\" height=\"800\" src=\"https:\/\/tvtecjundiai.com.br\/news\/wp-content\/uploads\/sites\/2\/2021\/06\/fepasa-1200x800.jpg\" alt=\"\" class=\"wp-image-77569\" srcset=\"https:\/\/tvtecjundiai.com.br\/news\/wp-content\/uploads\/sites\/2\/2021\/06\/fepasa-1200x800.jpg 1200w, https:\/\/tvtecjundiai.com.br\/news\/wp-content\/uploads\/sites\/2\/2021\/06\/fepasa-300x200.jpg 300w, https:\/\/tvtecjundiai.com.br\/news\/wp-content\/uploads\/sites\/2\/2021\/06\/fepasa-768x512.jpg 768w, https:\/\/tvtecjundiai.com.br\/news\/wp-content\/uploads\/sites\/2\/2021\/06\/fepasa.jpg 1280w\" sizes=\"auto, (max-width: 1200px) 100vw, 1200px\" \/><figcaption>Complexo Fepasa \u00e9 a sede da Unidade de Gest\u00e3o de Cultura (UGC)<\/figcaption><\/figure><\/div>\n\n\n\n<p>O Simp\u00f3sio conta com as parceiras do Centro Paula Souza, Fatec de Itu Dom Amaury Castanho e Fatec Jundia\u00ed Deputado Ary Fossen sendo um evento do calend\u00e1rio municipal atrelado ao m\u00eas do Patrim\u00f4nio.<\/p>\n\n\n\n<p><em>(Fonte\/Imagem: Prefeitura de Jundia\u00ed)<\/em><\/p>\n","protected":false},"excerpt":{"rendered":"<p>O evento acontecer\u00e1 de 25 a 29 de agosto, com o objetivo de ampliar a discuss\u00e3o sobre o Patrim\u00f4nio Cultural Material <\/p>\n","protected":false},"author":25,"featured_media":77569,"comment_status":"closed","ping_status":"closed","sticky":false,"template":"","format":"standard","meta":{"footnotes":""},"categories":[2833,1,2839],"tags":[],"class_list":["post-77568","post","type-post","status-publish","format-standard","has-post-thumbnail","hentry","category-cultura","category-noticias","category-saude"],"_links":{"self":[{"href":"https:\/\/tvtecjundiai.com.br\/news\/wp-json\/wp\/v2\/posts\/77568","targetHints":{"allow":["GET"]}}],"collection":[{"href":"https:\/\/tvtecjundiai.com.br\/news\/wp-json\/wp\/v2\/posts"}],"about":[{"href":"https:\/\/tvtecjundiai.com.br\/news\/wp-json\/wp\/v2\/types\/post"}],"author":[{"embeddable":true,"href":"https:\/\/tvtecjundiai.com.br\/news\/wp-json\/wp\/v2\/users\/25"}],"replies":[{"embeddable":true,"href":"https:\/\/tvtecjundiai.com.br\/news\/wp-json\/wp\/v2\/comments?post=77568"}],"version-history":[{"count":3,"href":"https:\/\/tvtecjundiai.com.br\/news\/wp-json\/wp\/v2\/posts\/77568\/revisions"}],"predecessor-version":[{"id":77585,"href":"https:\/\/tvtecjundiai.com.br\/news\/wp-json\/wp\/v2\/posts\/77568\/revisions\/77585"}],"wp:featuredmedia":[{"embeddable":true,"href":"https:\/\/tvtecjundiai.com.br\/news\/wp-json\/wp\/v2\/media\/77569"}],"wp:attachment":[{"href":"https:\/\/tvtecjundiai.com.br\/news\/wp-json\/wp\/v2\/media?parent=77568"}],"wp:term":[{"taxonomy":"category","embeddable":true,"href":"https:\/\/tvtecjundiai.com.br\/news\/wp-json\/wp\/v2\/categories?post=77568"},{"taxonomy":"post_tag","embeddable":true,"href":"https:\/\/tvtecjundiai.com.br\/news\/wp-json\/wp\/v2\/tags?post=77568"}],"curies":[{"name":"wp","href":"https:\/\/api.w.org\/{rel}","templated":true}]}}