{"id":77587,"date":"2021-06-15T12:38:36","date_gmt":"2021-06-15T15:38:36","guid":{"rendered":"https:\/\/tvtecjundiai.com.br\/news\/?p=77587"},"modified":"2021-06-15T13:35:40","modified_gmt":"2021-06-15T16:35:40","slug":"governo-de-sp-possui-doses-em-estoque-para-antecipar-calendario-de-vacinacao-contra-covid-19-1","status":"publish","type":"post","link":"https:\/\/tvtecjundiai.com.br\/news\/2021\/06\/15\/governo-de-sp-possui-doses-em-estoque-para-antecipar-calendario-de-vacinacao-contra-covid-19-1\/","title":{"rendered":"Governo de SP possui doses em estoque para antecipar calend\u00e1rio de vacina\u00e7\u00e3o contra COVID-19"},"content":{"rendered":"\n<p>A antecipa\u00e7\u00e3o da vacina\u00e7\u00e3o contra COVID-19 em S\u00e3o Paulo, anunciada no \u00faltimo domingo (13) pelo governador Jo\u00e3o Doria (PSDB), deve contar com doses j\u00e1 em estoque no estado e, principalmente, com entregas programadas do Minist\u00e9rio da Sa\u00fade.<\/p>\n\n\n\n<p>Desde o in\u00edcio do ano, o estado recebeu mais de 25,7 milh\u00f5es de doses de vacinas contra COVID-19 do governo federal, e j\u00e1 repassou 22,2 milh\u00f5es para os munic\u00edpios, segundo dados extra\u00eddos na noite desta segunda (14). No entanto, mais de 3,5 milh\u00f5es de doses que foram entregues para o estado ainda n\u00e3o foram repassadas para as cidades, ou ainda n\u00e3o tiveram o repasse registrado em sistema.<\/p>\n\n\n\n<p>Na compara\u00e7\u00e3o com os outros estados, S\u00e3o Paulo est\u00e1 armazenando mais doses e distribuindo menos vacinas para as cidades. O estado \u00e9 o 24\u00ba no ranking de distribui\u00e7\u00e3o de doses para os munic\u00edpios, dentre 27 unidades federativas. A distribui\u00e7\u00e3o em S\u00e3o Paulo tamb\u00e9m est\u00e1 abaixo do percentual de repasse nacional, que \u00e9 de 90,9%, na m\u00e9dia de todos os 26 estados e Distrito Federal. Em S\u00e3o Paulo, o \u00edndice \u00e9 de 86,2% nesta segunda (14).<\/p>\n\n\n\n<p>Em entrevista ao G1, a coordenadora do Programa Estadual de Imuniza\u00e7\u00e3o, Regiane de Paula, explicou que, al\u00e9m de um &#8220;delay&#8221; (atraso) dos sistemas que registram as doses repassadas \u00e0s cidades, h\u00e1 ainda 1,4 milh\u00e3o de vacinas que est\u00e3o marcadas pelo Minist\u00e9rio da Sa\u00fade para serem usadas como segunda dose, e que por isso n\u00e3o s\u00e3o distribu\u00eddas para os munic\u00edpios.<\/p>\n\n\n\n<p>H\u00e1 ao menos 1 milh\u00e3o de vacinas em estoque que n\u00e3o foram designadas para a segunda dose. A antecipa\u00e7\u00e3o da vacina\u00e7\u00e3o em S\u00e3o Paulo vai contemplar um p\u00fablico muito maior do que o total de doses armazenadas ou em processo de distribui\u00e7\u00e3o para os munic\u00edpios. Isto significa que, para o adiantamento do calend\u00e1rio, o governo conta, majoritariamente, com novas entregas do Minist\u00e9rio da Sa\u00fade, e n\u00e3o com a diferen\u00e7a entre as doses recebidas e as repassadas para as cidades.<\/p>\n\n\n\n<p>Apenas a faixa et\u00e1ria de 50 a 59 anos, sem comorbidades, que teve a vacina\u00e7\u00e3o antecipada para esta quarta-feira (16) no estado de S\u00e3o Paulo, conta com cerca de 3 milh\u00f5es de pessoas.<\/p>\n\n\n\n<p>Se considerados ainda os grupos que ser\u00e3o contemplados em seguida, o n\u00famero de doses necess\u00e1rio supera em muito a quantidade de vacinas que o governo estadual ainda n\u00e3o repassou aos munic\u00edpios. A vacina\u00e7\u00e3o de pessoas de 43 a 49 anos, marcada para come\u00e7ar no pr\u00f3ximo dia 23, vai atingir mais 3 milh\u00f5es de pessoas em S\u00e3o Paulo.<\/p>\n\n\n\n<p>Apesar da diferen\u00e7a de mais de 3 milh\u00f5es de doses entre as recebidas pelo estado e as repassadas para as cidades, a coordenadora do Programa Estadual de Imuniza\u00e7\u00e3o, Regiane de Paula, negou que haja represamento de doses. Segundo Regiane de Paula, descontadas as vacinas reservadas para a segunda dose e aquelas separadas para os grupos priorit\u00e1rios que come\u00e7aram a vacina\u00e7\u00e3o nesta semana, ainda h\u00e1 as cerca de 1 milh\u00e3o de doses em estoque.<\/p>\n\n\n\n<p>Este valor \u00e9 considerado, pelo governo de S\u00e3o Paulo, uma esp\u00e9cie de margem de seguran\u00e7a, ou &#8220;estoque zero&#8221;, como classificou a coordenadora do plano estadual.<\/p>\n\n\n\n<p><strong>Atrasos<\/strong><br>Como o cronograma de S\u00e3o Paulo considera, majoritariamente, as entregas programas pelo Minist\u00e9rio da Sa\u00fade, eventuais atrasos nas entregas ao governo federal podem afetar o calend\u00e1rio estadual.<\/p>\n\n\n\n<p>O estado de S\u00e3o Paulo n\u00e3o informa quantas doses deve receber do governo federal no pr\u00f3ximo m\u00eas, mas afirma que seu cronograma \u00e9 feito com base em entregas programadas.<\/p>\n\n\n\n<p>Nesta segunda (14) o Minist\u00e9rio da Sa\u00fade anunciou que a entrega de 3 milh\u00f5es de doses da vacina da Janssen, que estava prevista para esta ter\u00e7a (15), seria adiada. Apesar disso, o ministro Marcelo Queiroga afirma que a remessa deve chegar at\u00e9 quarta (16). &#8220;Ainda n\u00e3o sei detalhes. Mas quarta deve chegar&#8221;, disse Queiroga.<\/p>\n\n\n\n<p>Procurada pelo G1, a secretaria estadual da Sa\u00fade disse que o calend\u00e1rio est\u00e1 mantido, apesar do atraso na entrega de doses da Janssen.<\/p>\n\n\n\n<p>&#8220;O Plano Estadual de Imuniza\u00e7\u00e3o (PEI) foi elaborado e \u00e9 executado com base em monitoramento e planejamento, considerando sempre as perspectivas de envio de vacinas indicadas pelo Programa Nacional de Imuniza\u00e7\u00f5es (PNI) e os p\u00fablicos-alvo da campanha&#8221;, disse a pasta. O governo estadual disse tamb\u00e9m que conta com &#8220;a vinda da vacina da Janssen ainda para esta semana&#8221;.<\/p>\n\n\n\n<p>&#8220;Atualmente, j\u00e1 h\u00e1 tr\u00eas imunizantes dispon\u00edveis na rede \u2013 vacinas do Butantan, Fiocruz\/Astrazeneca e Pfizer -, com remessas peri\u00f3dicas para o Estado de S\u00e3o Paulo; al\u00e9m disso, gestores nacionais sinalizam a vinda da vacina da Janssen ainda para esta semana. A disponibilidade de cada dose de vacina, independentemente do produtor, segue crucial para que os brasileiros sejam imunizados com maior celeridade&#8221;, declarou em nota.<\/p>\n\n\n\n<figure class=\"wp-block-image size-large\"><img loading=\"lazy\" decoding=\"async\" width=\"1152\" height=\"768\" src=\"https:\/\/tvtecjundiai.com.br\/news\/wp-content\/uploads\/sites\/2\/2021\/05\/vacinacao-covid-63-mais-na-paroquia-santo-antonio_c_-1.jpg\" alt=\"\" class=\"wp-image-75555\" srcset=\"https:\/\/tvtecjundiai.com.br\/news\/wp-content\/uploads\/sites\/2\/2021\/05\/vacinacao-covid-63-mais-na-paroquia-santo-antonio_c_-1.jpg 1152w, https:\/\/tvtecjundiai.com.br\/news\/wp-content\/uploads\/sites\/2\/2021\/05\/vacinacao-covid-63-mais-na-paroquia-santo-antonio_c_-1-300x200.jpg 300w, https:\/\/tvtecjundiai.com.br\/news\/wp-content\/uploads\/sites\/2\/2021\/05\/vacinacao-covid-63-mais-na-paroquia-santo-antonio_c_-1-768x512.jpg 768w\" sizes=\"auto, (max-width: 1152px) 100vw, 1152px\" \/><\/figure>\n\n\n\n<p><strong>Ritmo de vacina\u00e7\u00e3o<\/strong><br>Ap\u00f3s ficar relativamente est\u00e1vel no in\u00edcio de junho, o ritmo de aplica\u00e7\u00e3o da primeira dose da vacina contra COVID-19 subiu na \u00faltima semana. Neste domingo (13), a m\u00e9dia m\u00f3vel de sete dias foi de 160.319 vacinas de 1\u00aa dose aplicadas diariamente, contra cerca de 120 mil aplica\u00e7\u00f5es di\u00e1rias h\u00e1 14 dias, o que demonstra uma tend\u00eancia de alta.<\/p>\n\n\n\n<p><strong>Aplica\u00e7\u00e3o das doses repassadas<\/strong><br>Mesmo entre as doses repassadas pelo governo estadual \u00e0s prefeituras, nem todas s\u00e3o aplicadas pelos munic\u00edpios, e a varia\u00e7\u00e3o entre as cidades \u00e9 grande.<\/p>\n\n\n\n<p>At\u00e9 agora, 83% dos 21 milh\u00f5es de doses distribu\u00eddas para os munic\u00edpios j\u00e1 foram aplicadas no estado de S\u00e3o Paulo, mas enquanto alguns munic\u00edpios declararam ter aplicado at\u00e9 mais doses do que receberam, outros disseram ter usado s\u00f3 pouco mais que a metade das doses recebidas at\u00e9 agora.<\/p>\n\n\n\n<p>A cidade de Balbinos, no interior do estado, aplicou apenas 50,81% das 1.736 doses recebidas, segundo um ranking de aplica\u00e7\u00e3o de doses divulgado pelo governo estadual.<\/p>\n\n\n\n<p>Outras cidades com percentual baixo de uso das doses recebidas s\u00e3o Rio Grande da Serra, com 59%, Embu-Gua\u00e7u, com 63%, e Vargem Grande Paulista, com 65%, todas na regi\u00e3o metropolitana da capital.<\/p>\n\n\n\n<p>Segundo a coordenadora do programa estadual de vacina\u00e7\u00e3o, o percentual mais baixo em cidades da regi\u00e3o metropolitana \u00e9 esperado porque, nesses lugares, h\u00e1 moradores que se vacinam em munic\u00edpios vizinhos.<\/p>\n\n\n\n<p>O ranking das cidades que mais usam as vacinas recebidas foi criado pelo governo estadual com o objetivo de estimular as prefeituras a aumentar o percentual de aplica\u00e7\u00e3o e a atualizar os dados nos sistemas de notifica\u00e7\u00e3o oficiais.<\/p>\n\n\n\n<p><em>(Texto: G1\/Imagem: Willian Moreira &#8211; Estad\u00e3o Conte\u00fado)<\/em><\/p>\n","protected":false},"excerpt":{"rendered":"<p>Na compara\u00e7\u00e3o com os outros estados, S\u00e3o Paulo est\u00e1 armazenando mais doses e distribuindo menos vacinas<\/p>\n","protected":false},"author":28,"featured_media":77591,"comment_status":"closed","ping_status":"closed","sticky":false,"template":"","format":"standard","meta":{"footnotes":""},"categories":[8356,1],"tags":[],"class_list":["post-77587","post","type-post","status-publish","format-standard","has-post-thumbnail","hentry","category-jundiai","category-noticias"],"_links":{"self":[{"href":"https:\/\/tvtecjundiai.com.br\/news\/wp-json\/wp\/v2\/posts\/77587","targetHints":{"allow":["GET"]}}],"collection":[{"href":"https:\/\/tvtecjundiai.com.br\/news\/wp-json\/wp\/v2\/posts"}],"about":[{"href":"https:\/\/tvtecjundiai.com.br\/news\/wp-json\/wp\/v2\/types\/post"}],"author":[{"embeddable":true,"href":"https:\/\/tvtecjundiai.com.br\/news\/wp-json\/wp\/v2\/users\/28"}],"replies":[{"embeddable":true,"href":"https:\/\/tvtecjundiai.com.br\/news\/wp-json\/wp\/v2\/comments?post=77587"}],"version-history":[{"count":2,"href":"https:\/\/tvtecjundiai.com.br\/news\/wp-json\/wp\/v2\/posts\/77587\/revisions"}],"predecessor-version":[{"id":77592,"href":"https:\/\/tvtecjundiai.com.br\/news\/wp-json\/wp\/v2\/posts\/77587\/revisions\/77592"}],"wp:featuredmedia":[{"embeddable":true,"href":"https:\/\/tvtecjundiai.com.br\/news\/wp-json\/wp\/v2\/media\/77591"}],"wp:attachment":[{"href":"https:\/\/tvtecjundiai.com.br\/news\/wp-json\/wp\/v2\/media?parent=77587"}],"wp:term":[{"taxonomy":"category","embeddable":true,"href":"https:\/\/tvtecjundiai.com.br\/news\/wp-json\/wp\/v2\/categories?post=77587"},{"taxonomy":"post_tag","embeddable":true,"href":"https:\/\/tvtecjundiai.com.br\/news\/wp-json\/wp\/v2\/tags?post=77587"}],"curies":[{"name":"wp","href":"https:\/\/api.w.org\/{rel}","templated":true}]}}