{"id":77589,"date":"2021-06-15T13:36:45","date_gmt":"2021-06-15T16:36:45","guid":{"rendered":"https:\/\/tvtecjundiai.com.br\/news\/?p=77589"},"modified":"2021-06-15T13:36:45","modified_gmt":"2021-06-15T16:36:45","slug":"curso-presencial-do-fundo-social-de-jundiai-ensinara-tecnicas-de-confeitaria","status":"publish","type":"post","link":"https:\/\/tvtecjundiai.com.br\/news\/2021\/06\/15\/curso-presencial-do-fundo-social-de-jundiai-ensinara-tecnicas-de-confeitaria\/","title":{"rendered":"Curso presencial do Fundo Social de Jundia\u00ed ensinar\u00e1 t\u00e9cnicas de confeitaria"},"content":{"rendered":"\n<p>O Fundo Social de Solidariedade de Jundia\u00ed (Funss) abre, nesta ter\u00e7a-feira (15), inscri\u00e7\u00f5es para o curso presencial \u201cT\u00e9cnicas de Fabrica\u00e7\u00e3o de Produtos de Confeitaria\u201d. A capacita\u00e7\u00e3o ser\u00e1 realizada em parceria com o Senai Jundia\u00ed e o Sebrae Jundia\u00ed. As inscri\u00e7\u00f5es ser\u00e3o realizadas at\u00e9 quinta-feira (17), \u00e0s 16h30, pelo link:&nbsp;<a href=\"https:\/\/forms.gle\/o3yxNhMb21LodQvk8\">https:\/\/forms.gle\/o3yxNhMb21LodQvk8<\/a><\/p>\n\n\n\n<p>No total, ser\u00e3o oferecidas 16 vagas gratuitas. Poder\u00e3o participar pessoas com 18 anos ou mais, residentes em Jundia\u00ed e que tenham, como n\u00edvel de escolaridade, ao menos o 6\u00ba ano do Ensino Fundamental conclu\u00eddo. O crit\u00e9rio de preenchimento das vagas \u00e9 a ordem de envio do formul\u00e1rio, que considera hora, minuto e segundo. Os nomes dos alunos matriculados ser\u00e3o divulgados no site da Prefeitura de Jundia\u00ed e dados detalhados ser\u00e3o repassados por meio do contato de WhatsApp informado no ato da inscri\u00e7\u00e3o. As fichas n\u00e3o contempladas est\u00e3o, automaticamente, na lista de espera e poder\u00e3o ser convocadas em caso de desist\u00eancia.<\/p>\n\n\n\n<figure class=\"wp-block-image size-large\"><img loading=\"lazy\" decoding=\"async\" width=\"1200\" height=\"791\" src=\"https:\/\/tvtecjundiai.com.br\/news\/wp-content\/uploads\/sites\/2\/2021\/06\/funss_curso_presencial-1200x791.jpg\" alt=\"\" class=\"wp-image-77590\" srcset=\"https:\/\/tvtecjundiai.com.br\/news\/wp-content\/uploads\/sites\/2\/2021\/06\/funss_curso_presencial-1200x791.jpg 1200w, https:\/\/tvtecjundiai.com.br\/news\/wp-content\/uploads\/sites\/2\/2021\/06\/funss_curso_presencial-300x198.jpg 300w, https:\/\/tvtecjundiai.com.br\/news\/wp-content\/uploads\/sites\/2\/2021\/06\/funss_curso_presencial-768x506.jpg 768w, https:\/\/tvtecjundiai.com.br\/news\/wp-content\/uploads\/sites\/2\/2021\/06\/funss_curso_presencial.jpg 1280w\" sizes=\"auto, (max-width: 1200px) 100vw, 1200px\" \/><figcaption>Curso presencial seguir\u00e1 as normas de seguran\u00e7a sanit\u00e1ria<\/figcaption><\/figure>\n\n\n\n<p>Por se tratar de um curso de qualifica\u00e7\u00e3o profissional presencial, ser\u00e3o seguidas todas as normas de seguran\u00e7a sanit\u00e1ria como distanciamento social, capacidade m\u00e1xima da sala e uso de \u00e1lcool em gel, entre outros. O uso de m\u00e1scara \u00e9 obrigat\u00f3rio. N\u00e3o ser\u00e1 permitida a entrada e a perman\u00eancia de alunos sem m\u00e1scara. Os alunos tamb\u00e9m dever\u00e3o seguir as recomenda\u00e7\u00f5es de vestimenta e higiene para manipula\u00e7\u00e3o de alimentos.<\/p>\n\n\n\n<p>O curso presencial de \u201cT\u00e9cnicas de Fabrica\u00e7\u00e3o de Produtos de Confeitaria\u201d ser\u00e1 realizado nos dias: 28, 29 e 30 de junho, 01, 05, 06, 07, 08, 12, 13, 1 4 e 15 de julho. As aulas ser\u00e3o sempre das 8h \u00e0s 12h, no Fundo Social, dentro do Parque da Uva. O acesso \u00e9 pela avenida Dona Manoela Lacerda de Vergueiro, s\/n, port\u00e3o 03, bairro Anhangaba\u00fa. O funcionamento da unidade \u00e9 de segunda a sexta-feira, das 8h \u00e0s 17h, exceto feriados. Informa\u00e7\u00f5es: (11) 4521-2762, 4521-2929 e 4521-6833.<\/p>\n\n\n\n<p><em>(Texto\/Imagem: Prefeitura de Jundia\u00ed)<\/em><\/p>\n","protected":false},"excerpt":{"rendered":"<p>A capacita\u00e7\u00e3o ser\u00e1 realizada em parceria com o Senai Jundia\u00ed e o Sebrae Jundia\u00ed<\/p>\n","protected":false},"author":28,"featured_media":77590,"comment_status":"closed","ping_status":"closed","sticky":false,"template":"","format":"standard","meta":{"footnotes":""},"categories":[8356,1],"tags":[],"class_list":["post-77589","post","type-post","status-publish","format-standard","has-post-thumbnail","hentry","category-jundiai","category-noticias"],"_links":{"self":[{"href":"https:\/\/tvtecjundiai.com.br\/news\/wp-json\/wp\/v2\/posts\/77589","targetHints":{"allow":["GET"]}}],"collection":[{"href":"https:\/\/tvtecjundiai.com.br\/news\/wp-json\/wp\/v2\/posts"}],"about":[{"href":"https:\/\/tvtecjundiai.com.br\/news\/wp-json\/wp\/v2\/types\/post"}],"author":[{"embeddable":true,"href":"https:\/\/tvtecjundiai.com.br\/news\/wp-json\/wp\/v2\/users\/28"}],"replies":[{"embeddable":true,"href":"https:\/\/tvtecjundiai.com.br\/news\/wp-json\/wp\/v2\/comments?post=77589"}],"version-history":[{"count":1,"href":"https:\/\/tvtecjundiai.com.br\/news\/wp-json\/wp\/v2\/posts\/77589\/revisions"}],"predecessor-version":[{"id":77593,"href":"https:\/\/tvtecjundiai.com.br\/news\/wp-json\/wp\/v2\/posts\/77589\/revisions\/77593"}],"wp:featuredmedia":[{"embeddable":true,"href":"https:\/\/tvtecjundiai.com.br\/news\/wp-json\/wp\/v2\/media\/77590"}],"wp:attachment":[{"href":"https:\/\/tvtecjundiai.com.br\/news\/wp-json\/wp\/v2\/media?parent=77589"}],"wp:term":[{"taxonomy":"category","embeddable":true,"href":"https:\/\/tvtecjundiai.com.br\/news\/wp-json\/wp\/v2\/categories?post=77589"},{"taxonomy":"post_tag","embeddable":true,"href":"https:\/\/tvtecjundiai.com.br\/news\/wp-json\/wp\/v2\/tags?post=77589"}],"curies":[{"name":"wp","href":"https:\/\/api.w.org\/{rel}","templated":true}]}}