{"id":77596,"date":"2021-06-15T15:11:40","date_gmt":"2021-06-15T18:11:40","guid":{"rendered":"https:\/\/tvtecjundiai.com.br\/news\/?p=77596"},"modified":"2021-06-15T15:56:33","modified_gmt":"2021-06-15T18:56:33","slug":"procurando-produtos-organicos-jundiai-tem-diversas-opcoes-de-hortas-1","status":"publish","type":"post","link":"https:\/\/tvtecjundiai.com.br\/news\/2021\/06\/15\/procurando-produtos-organicos-jundiai-tem-diversas-opcoes-de-hortas-1\/","title":{"rendered":"Procurando produtos org\u00e2nicos? Jundia\u00ed tem diversas op\u00e7\u00f5es de hortas"},"content":{"rendered":"\n<p>Cada vez mais, as pessoas est\u00e3o buscando por uma vida mais saud\u00e1vel e isso inclui o consumo de frutas e verduras sem agrot\u00f3xicos. Em Jundia\u00ed \u00e9 poss\u00edvel encontrar produtos org\u00e2nicos em diversos pontos. Confira alguns:<\/p>\n\n\n\n<p>&#8211; Horta do Chico<\/p>\n\n\n\n<p>R. L\u00edbia, 53 &#8211; Jardim Bonfiglioli<\/p>\n\n\n\n<p>&#8211; Horta Col\u00f4nia<\/p>\n\n\n\n<p>Avenida Nami Az\u00e9m, 1110 \u2013 Col\u00f4nia<\/p>\n\n\n\n<p>Aberto todos os dias, das 7h \u00e0s 17h<\/p>\n\n\n\n<p>&#8211; Quitanda Horta do Japon\u00eas<\/p>\n\n\n\n<p>Av. Na\u00e7\u00f5es Unidas, 1467 &#8211; Vila Didi<\/p>\n\n\n\n<p>Aberto de segunda \u00e0 sexta-feira, das 8h \u00e0s 19h e s\u00e1bados, das 8h \u00e0s 18h. Fecha aos domingos.<\/p>\n\n\n\n<p>&#8211; Horta Jasmin Manga<\/p>\n\n\n\n<p>R. Eug\u00eanio Loschi, 200 &#8211; Bairro dos Fernandes<\/p>\n\n\n\n<p>&#8211; Natureza Org\u00e2nica<\/p>\n\n\n\n<p>R. Irm\u00e3 In\u00eas de Jesus, 456 &#8211; Vila Rio Branco<\/p>\n\n\n\n<p>Aberto de segunda das 13h \u00e0s 18h e s\u00e1bado das 9h \u00e0s 15h. Fechado aos domingos.<\/p>\n\n\n\n<div class=\"wp-block-image\"><figure class=\"aligncenter size-large\"><img loading=\"lazy\" decoding=\"async\" width=\"720\" height=\"720\" src=\"https:\/\/tvtecjundiai.com.br\/news\/wp-content\/uploads\/sites\/2\/2021\/06\/horta-colonia.jpg\" alt=\"\" class=\"wp-image-77597\" srcset=\"https:\/\/tvtecjundiai.com.br\/news\/wp-content\/uploads\/sites\/2\/2021\/06\/horta-colonia.jpg 720w, https:\/\/tvtecjundiai.com.br\/news\/wp-content\/uploads\/sites\/2\/2021\/06\/horta-colonia-300x300.jpg 300w, https:\/\/tvtecjundiai.com.br\/news\/wp-content\/uploads\/sites\/2\/2021\/06\/horta-colonia-100x100.jpg 100w\" sizes=\"auto, (max-width: 720px) 100vw, 720px\" \/><figcaption>Imagem da Horta da Col\u00f4nia<\/figcaption><\/figure><\/div>\n\n\n\n<p><em>(Texto\/Imagem: TVTEC) &nbsp;<\/em>&nbsp;&nbsp;&nbsp;&nbsp;&nbsp;<\/p>\n","protected":false},"excerpt":{"rendered":"<p>Cidade possui diversos pontos onde popula\u00e7\u00e3o pode encontrar produtos org\u00e2nicos<\/p>\n","protected":false},"author":28,"featured_media":77599,"comment_status":"closed","ping_status":"closed","sticky":false,"template":"","format":"standard","meta":{"footnotes":""},"categories":[8356,1],"tags":[],"class_list":["post-77596","post","type-post","status-publish","format-standard","has-post-thumbnail","hentry","category-jundiai","category-noticias"],"_links":{"self":[{"href":"https:\/\/tvtecjundiai.com.br\/news\/wp-json\/wp\/v2\/posts\/77596","targetHints":{"allow":["GET"]}}],"collection":[{"href":"https:\/\/tvtecjundiai.com.br\/news\/wp-json\/wp\/v2\/posts"}],"about":[{"href":"https:\/\/tvtecjundiai.com.br\/news\/wp-json\/wp\/v2\/types\/post"}],"author":[{"embeddable":true,"href":"https:\/\/tvtecjundiai.com.br\/news\/wp-json\/wp\/v2\/users\/28"}],"replies":[{"embeddable":true,"href":"https:\/\/tvtecjundiai.com.br\/news\/wp-json\/wp\/v2\/comments?post=77596"}],"version-history":[{"count":4,"href":"https:\/\/tvtecjundiai.com.br\/news\/wp-json\/wp\/v2\/posts\/77596\/revisions"}],"predecessor-version":[{"id":77609,"href":"https:\/\/tvtecjundiai.com.br\/news\/wp-json\/wp\/v2\/posts\/77596\/revisions\/77609"}],"wp:featuredmedia":[{"embeddable":true,"href":"https:\/\/tvtecjundiai.com.br\/news\/wp-json\/wp\/v2\/media\/77599"}],"wp:attachment":[{"href":"https:\/\/tvtecjundiai.com.br\/news\/wp-json\/wp\/v2\/media?parent=77596"}],"wp:term":[{"taxonomy":"category","embeddable":true,"href":"https:\/\/tvtecjundiai.com.br\/news\/wp-json\/wp\/v2\/categories?post=77596"},{"taxonomy":"post_tag","embeddable":true,"href":"https:\/\/tvtecjundiai.com.br\/news\/wp-json\/wp\/v2\/tags?post=77596"}],"curies":[{"name":"wp","href":"https:\/\/api.w.org\/{rel}","templated":true}]}}