{"id":77615,"date":"2021-06-15T16:28:47","date_gmt":"2021-06-15T19:28:47","guid":{"rendered":"https:\/\/tvtecjundiai.com.br\/news\/?p=77615"},"modified":"2021-06-15T16:28:47","modified_gmt":"2021-06-15T19:28:47","slug":"covid-19-jundiai-abre-agendamento-para-pessoas-com-56-a-59-anos-nesta-quarta-feira-16","status":"publish","type":"post","link":"https:\/\/tvtecjundiai.com.br\/news\/2021\/06\/15\/covid-19-jundiai-abre-agendamento-para-pessoas-com-56-a-59-anos-nesta-quarta-feira-16\/","title":{"rendered":"COVID-19: Jundia\u00ed abre agendamento para pessoas com 56 a 59 anos nesta quarta-feira (16)"},"content":{"rendered":"\n<p>A Prefeitura de Jundia\u00ed abre, nesta quarta-feira (16), \u00e0s 11h, o agendamento pelos canais digitais (site e APP Jundia\u00ed) para vacina\u00e7\u00e3o contra a COVID-19 para pessoas com 56 a 59 anos, conforme a nova fase da campanha de vacina\u00e7\u00e3o do Plano Estadual de Imuniza\u00e7\u00e3o (PEI). A aplica\u00e7\u00e3o come\u00e7a na quarta-feira (16) em em polos de vacina\u00e7\u00e3o e segue durante a semana tamb\u00e9m em UBS\u2019s do munic\u00edpio. No dia da aplica\u00e7\u00e3o, as pessoas podem contribuir com a campanha Vacina\u00e7\u00e3o Solid\u00e1ria, com a doa\u00e7\u00e3o de um quilo de alimento n\u00e3o perec\u00edvel para o Fundo Social de Solidariedade de Jundia\u00ed (Funss).<\/p>\n\n\n\n<p>As primeiras 7,5 mil doses que iniciar\u00e3o o atendimento \u00e0s pessoas sem comorbidades ser\u00e3o retiradas em Campinas, no Departamento Regional de Sa\u00fade (DRS), na quarta-feira (16). O montante responde por 24% do total de 31 mil pessoas estimadas no grupo completo de 50 a 59 anos.<\/p>\n\n\n\n<p>\u201cA cidade conta com estrutura para armazenagem e aplica\u00e7\u00e3o. Conforme a libera\u00e7\u00e3o das doses pelo Estado \u00e9 feita, a log\u00edstica de agendamento e aplica\u00e7\u00e3o de Jundia\u00ed j\u00e1 est\u00e1 montada para o atendimento\u201d, detalha o prefeito Luiz Fernando Machado.<\/p>\n\n\n\n<figure class=\"wp-block-image size-large\"><img loading=\"lazy\" decoding=\"async\" width=\"1200\" height=\"801\" src=\"https:\/\/tvtecjundiai.com.br\/news\/wp-content\/uploads\/sites\/2\/2021\/06\/vacinacao_covid_profissionais-educacao_ubs-jardim-do-lago-69-1200x801.jpg\" alt=\"\" class=\"wp-image-77616\" srcset=\"https:\/\/tvtecjundiai.com.br\/news\/wp-content\/uploads\/sites\/2\/2021\/06\/vacinacao_covid_profissionais-educacao_ubs-jardim-do-lago-69-1200x801.jpg 1200w, https:\/\/tvtecjundiai.com.br\/news\/wp-content\/uploads\/sites\/2\/2021\/06\/vacinacao_covid_profissionais-educacao_ubs-jardim-do-lago-69-300x200.jpg 300w, https:\/\/tvtecjundiai.com.br\/news\/wp-content\/uploads\/sites\/2\/2021\/06\/vacinacao_covid_profissionais-educacao_ubs-jardim-do-lago-69-768x512.jpg 768w, https:\/\/tvtecjundiai.com.br\/news\/wp-content\/uploads\/sites\/2\/2021\/06\/vacinacao_covid_profissionais-educacao_ubs-jardim-do-lago-69.jpg 1280w\" sizes=\"auto, (max-width: 1200px) 100vw, 1200px\" \/><figcaption>Vacina\u00e7\u00e3o contra a COVID-19 entra em nova fase, com aplica\u00e7\u00e3o em pessoas sem comorbidades; Jundia\u00ed define estrat\u00e9gias por idade<\/figcaption><\/figure>\n\n\n\n<p>Segundo o gestor da Unidade de Gest\u00e3o de Promo\u00e7\u00e3o da Sa\u00fade (UGPS), Tiago Texera, com a primeira recep\u00e7\u00e3o da grade e pela quantidade de doses, foi estabelecida a estrat\u00e9gia de faixas et\u00e1rias para o atendimento \u00e0 popula\u00e7\u00e3o. \u201cO Estado encaminhar\u00e1 novas grades nos pr\u00f3ximos dias para o atendimento \u00e0s demais idades para completar o p\u00fablico. A metodologia de agendamento ser\u00e1 a mesma, para facilitar o acesso e organizar o atendimento\u201d, destaca.<\/p>\n\n\n\n<p><strong>Organiza\u00e7\u00e3o<\/strong><\/p>\n\n\n\n<p>Antes de realizar o agendamento, a popula\u00e7\u00e3o deve realizar o cadastro das informa\u00e7\u00f5es pessoais no site VacinaJ\u00e1, do Governo do Estado de S\u00e3o Paulo. O cadastro agilizar\u00e1 o registro do usu\u00e1rio no momento da aplica\u00e7\u00e3o da dose. \u201cNo agendamento, a pessoa poder\u00e1 escolher o dia, o local e o hor\u00e1rio a ser atendido. \u201c, comenta o gestor da UGPS.<\/p>\n\n\n\n<p>Para a recep\u00e7\u00e3o da dose, o agendado deve apresentar documento de identifica\u00e7\u00e3o com foto, CPF e comprovante de resid\u00eancia com endere\u00e7o de Jundia\u00ed atualizado (\u00faltimos seis meses), em nome do mun\u00edcipe a ser vacinado. Em caso de comprovante de endere\u00e7o em nome de outra pessoa (pai, m\u00e3e e outros), o titular do endere\u00e7o deve fazer uma declara\u00e7\u00e3o descrevendo que o usu\u00e1rio a ser vacinado reside no endere\u00e7o descrito no comprovante apresentado, que deve ser detalhado na declara\u00e7\u00e3o, sendo est\u00e1 assinada pelo titular do endere\u00e7o. O comprovante ser\u00e1 retido no local de vacina\u00e7\u00e3o.<\/p>\n\n\n\n<p><em>(Texto\/Imagem: Prefeitura de Jundia\u00ed)<\/em><\/p>\n","protected":false},"excerpt":{"rendered":"<p>Agendamento abre a partir das 11h pelos canais digitais da Prefeitura de Jundia\u00ed<\/p>\n","protected":false},"author":28,"featured_media":77617,"comment_status":"closed","ping_status":"closed","sticky":false,"template":"","format":"standard","meta":{"footnotes":""},"categories":[8356,1],"tags":[],"class_list":["post-77615","post","type-post","status-publish","format-standard","has-post-thumbnail","hentry","category-jundiai","category-noticias"],"_links":{"self":[{"href":"https:\/\/tvtecjundiai.com.br\/news\/wp-json\/wp\/v2\/posts\/77615","targetHints":{"allow":["GET"]}}],"collection":[{"href":"https:\/\/tvtecjundiai.com.br\/news\/wp-json\/wp\/v2\/posts"}],"about":[{"href":"https:\/\/tvtecjundiai.com.br\/news\/wp-json\/wp\/v2\/types\/post"}],"author":[{"embeddable":true,"href":"https:\/\/tvtecjundiai.com.br\/news\/wp-json\/wp\/v2\/users\/28"}],"replies":[{"embeddable":true,"href":"https:\/\/tvtecjundiai.com.br\/news\/wp-json\/wp\/v2\/comments?post=77615"}],"version-history":[{"count":1,"href":"https:\/\/tvtecjundiai.com.br\/news\/wp-json\/wp\/v2\/posts\/77615\/revisions"}],"predecessor-version":[{"id":77618,"href":"https:\/\/tvtecjundiai.com.br\/news\/wp-json\/wp\/v2\/posts\/77615\/revisions\/77618"}],"wp:featuredmedia":[{"embeddable":true,"href":"https:\/\/tvtecjundiai.com.br\/news\/wp-json\/wp\/v2\/media\/77617"}],"wp:attachment":[{"href":"https:\/\/tvtecjundiai.com.br\/news\/wp-json\/wp\/v2\/media?parent=77615"}],"wp:term":[{"taxonomy":"category","embeddable":true,"href":"https:\/\/tvtecjundiai.com.br\/news\/wp-json\/wp\/v2\/categories?post=77615"},{"taxonomy":"post_tag","embeddable":true,"href":"https:\/\/tvtecjundiai.com.br\/news\/wp-json\/wp\/v2\/tags?post=77615"}],"curies":[{"name":"wp","href":"https:\/\/api.w.org\/{rel}","templated":true}]}}