{"id":77619,"date":"2021-06-15T16:51:34","date_gmt":"2021-06-15T19:51:34","guid":{"rendered":"https:\/\/tvtecjundiai.com.br\/news\/?p=77619"},"modified":"2021-06-15T16:51:34","modified_gmt":"2021-06-15T19:51:34","slug":"jundiai-registra-cinco-obitos-por-covid-19-nesta-terca-feira-15","status":"publish","type":"post","link":"https:\/\/tvtecjundiai.com.br\/news\/2021\/06\/15\/jundiai-registra-cinco-obitos-por-covid-19-nesta-terca-feira-15\/","title":{"rendered":"Jundia\u00ed registra cinco \u00f3bitos por COVID-19 nesta ter\u00e7a-feira (15)"},"content":{"rendered":"\n<p>A Prefeitura de Jundia\u00ed informa que, nesta ter\u00e7a-feira (15), cinco \u00f3bitos foram contabilizados de residentes na cidade causados pelo Novo Coronav\u00edrus.<\/p>\n\n\n\n<p>Mulher, 85 anos, portadora de doen\u00e7a neurol\u00f3gica cr\u00f4nica. Internou 11\/06 e faleceu 14\/06 no hospital S\u00e3o Vicente.<\/p>\n\n\n\n<p>Homem, 61 anos, sem comorbidades registradas. Internou 21\/05 e faleceu 15\/06 no hospital S\u00e3o Vicente.<\/p>\n\n\n\n<p>Mulher, 88 anos, portadora de doen\u00e7a cardiovascular cr\u00f4nica. Internou 11\/06 e faleceu 14\/06 no hospital S\u00e3o Vicente.<\/p>\n\n\n\n<p>Mulher, 55 anos, portadora de doen\u00e7a cardiovascular cr\u00f4nica e diabetes. Internou 26\/05 e faleceu 15\/06 no hospital S\u00e3o Vicente.<\/p>\n\n\n\n<p>Homem, 45 anos, sem comorbidades registradas. Internou 24\/05 e faleceu 15\/06 no hospital S\u00e3o Vicente.<\/p>\n\n\n\n<p>At\u00e9 o momento, a cidade registra 1288 \u00f3bitos causados pela COVID-19 desde o in\u00edcio da pandemia.<\/p>\n\n\n\n<figure class=\"wp-block-image size-large\"><img loading=\"lazy\" decoding=\"async\" width=\"960\" height=\"960\" src=\"https:\/\/tvtecjundiai.com.br\/news\/wp-content\/uploads\/sites\/2\/2021\/06\/slide1-9-1-960x960.png\" alt=\"\" class=\"wp-image-77620\" srcset=\"https:\/\/tvtecjundiai.com.br\/news\/wp-content\/uploads\/sites\/2\/2021\/06\/slide1-9-1-960x960.png 960w, https:\/\/tvtecjundiai.com.br\/news\/wp-content\/uploads\/sites\/2\/2021\/06\/slide1-9-1-300x300.png 300w, https:\/\/tvtecjundiai.com.br\/news\/wp-content\/uploads\/sites\/2\/2021\/06\/slide1-9-1-100x100.png 100w, https:\/\/tvtecjundiai.com.br\/news\/wp-content\/uploads\/sites\/2\/2021\/06\/slide1-9-1-768x768.png 768w, https:\/\/tvtecjundiai.com.br\/news\/wp-content\/uploads\/sites\/2\/2021\/06\/slide1-9-1.png 1280w\" sizes=\"auto, (max-width: 960px) 100vw, 960px\" \/><\/figure>\n\n\n\n<figure class=\"wp-block-image size-large\"><img loading=\"lazy\" decoding=\"async\" width=\"960\" height=\"960\" src=\"https:\/\/tvtecjundiai.com.br\/news\/wp-content\/uploads\/sites\/2\/2021\/06\/slide2-9-2-960x960.png\" alt=\"\" class=\"wp-image-77621\" srcset=\"https:\/\/tvtecjundiai.com.br\/news\/wp-content\/uploads\/sites\/2\/2021\/06\/slide2-9-2-960x960.png 960w, https:\/\/tvtecjundiai.com.br\/news\/wp-content\/uploads\/sites\/2\/2021\/06\/slide2-9-2-300x300.png 300w, https:\/\/tvtecjundiai.com.br\/news\/wp-content\/uploads\/sites\/2\/2021\/06\/slide2-9-2-100x100.png 100w, https:\/\/tvtecjundiai.com.br\/news\/wp-content\/uploads\/sites\/2\/2021\/06\/slide2-9-2-768x768.png 768w, https:\/\/tvtecjundiai.com.br\/news\/wp-content\/uploads\/sites\/2\/2021\/06\/slide2-9-2.png 1280w\" sizes=\"auto, (max-width: 960px) 100vw, 960px\" \/><\/figure>\n\n\n\n<p><em>(Texto\/Imagem: Prefeitura de Jundia\u00ed)<\/em><\/p>\n","protected":false},"excerpt":{"rendered":"<p>At\u00e9 o momento, a cidade registra 1288 \u00f3bitos causados pela COVID-19 desde o in\u00edcio da pandemia<\/p>\n","protected":false},"author":28,"featured_media":74774,"comment_status":"closed","ping_status":"closed","sticky":false,"template":"","format":"standard","meta":{"footnotes":""},"categories":[8356,1],"tags":[],"class_list":["post-77619","post","type-post","status-publish","format-standard","has-post-thumbnail","hentry","category-jundiai","category-noticias"],"_links":{"self":[{"href":"https:\/\/tvtecjundiai.com.br\/news\/wp-json\/wp\/v2\/posts\/77619","targetHints":{"allow":["GET"]}}],"collection":[{"href":"https:\/\/tvtecjundiai.com.br\/news\/wp-json\/wp\/v2\/posts"}],"about":[{"href":"https:\/\/tvtecjundiai.com.br\/news\/wp-json\/wp\/v2\/types\/post"}],"author":[{"embeddable":true,"href":"https:\/\/tvtecjundiai.com.br\/news\/wp-json\/wp\/v2\/users\/28"}],"replies":[{"embeddable":true,"href":"https:\/\/tvtecjundiai.com.br\/news\/wp-json\/wp\/v2\/comments?post=77619"}],"version-history":[{"count":1,"href":"https:\/\/tvtecjundiai.com.br\/news\/wp-json\/wp\/v2\/posts\/77619\/revisions"}],"predecessor-version":[{"id":77622,"href":"https:\/\/tvtecjundiai.com.br\/news\/wp-json\/wp\/v2\/posts\/77619\/revisions\/77622"}],"wp:featuredmedia":[{"embeddable":true,"href":"https:\/\/tvtecjundiai.com.br\/news\/wp-json\/wp\/v2\/media\/74774"}],"wp:attachment":[{"href":"https:\/\/tvtecjundiai.com.br\/news\/wp-json\/wp\/v2\/media?parent=77619"}],"wp:term":[{"taxonomy":"category","embeddable":true,"href":"https:\/\/tvtecjundiai.com.br\/news\/wp-json\/wp\/v2\/categories?post=77619"},{"taxonomy":"post_tag","embeddable":true,"href":"https:\/\/tvtecjundiai.com.br\/news\/wp-json\/wp\/v2\/tags?post=77619"}],"curies":[{"name":"wp","href":"https:\/\/api.w.org\/{rel}","templated":true}]}}