{"id":77628,"date":"2021-06-15T17:25:53","date_gmt":"2021-06-15T20:25:53","guid":{"rendered":"https:\/\/tvtecjundiai.com.br\/news\/?p=77628"},"modified":"2021-06-15T17:25:57","modified_gmt":"2021-06-15T20:25:57","slug":"prefeitura-promove-live-para-apresentar-o-processo-de-planejamento-da-cidade-ppa-2022-2025","status":"publish","type":"post","link":"https:\/\/tvtecjundiai.com.br\/news\/2021\/06\/15\/prefeitura-promove-live-para-apresentar-o-processo-de-planejamento-da-cidade-ppa-2022-2025\/","title":{"rendered":"Prefeitura promove live para apresentar o processo de planejamento da cidade \u2013 PPA 2022-2025"},"content":{"rendered":"\n<p>A Prefeitura de Jundia\u00ed promove, \u00e0s 9h30 desta quinta-feira (17), live para apresenta\u00e7\u00e3o do sistema de planejamento municipal \u2013 PPA 2022-2025, com as participa\u00e7\u00f5es do prefeito Luiz Fernando Machado, gestor da Unidade de Governo e Finan\u00e7as (UGGF), Jos\u00e9 Antonio Parimoschi e diretor de Planejamento e Governan\u00e7a, Fernando Polo. A transmiss\u00e3o ser\u00e1 pelos canais do YouTube da Prefeitura e Facebook da TV Tec.<\/p>\n\n\n\n<p>\u201cConvidamos a todos os jundiaienses para que participem e indiquem suas sugest\u00f5es para a constru\u00e7\u00e3o conjunta das prioridades para a cidade. Um munic\u00edpio forte se constr\u00f3i com a participa\u00e7\u00e3o da sua popula\u00e7\u00e3o\u201d, comenta Luiz Fernando.&nbsp;<\/p>\n\n\n\n<p>O Plano Plurianual (PPA) \u00e9 a pe\u00e7a de planejamento, com validade de quatro anos, que re\u00fane um conjunto de programas e a\u00e7\u00f5es governamentais organizados a partir das pol\u00edticas p\u00fablicas sob a responsabilidade de cada \u00e1rea da administra\u00e7\u00e3o municipal.<\/p>\n\n\n\n<p>O sistema de planejamento brasileiro (PPA) est\u00e1 previsto na Constitui\u00e7\u00e3o Federal de 1988 (art. 165, \u00a7 1\u00ba) e deve ser constru\u00eddo alinhado ao Or\u00e7amento da cidade.\u00a0<\/p>\n\n\n\n<figure class=\"wp-block-image size-large\"><img loading=\"lazy\" decoding=\"async\" width=\"1200\" height=\"800\" src=\"https:\/\/tvtecjundiai.com.br\/news\/wp-content\/uploads\/sites\/2\/2021\/06\/ppa_consulta_publica-10-1200x800.jpg\" alt=\"\" class=\"wp-image-77629\" srcset=\"https:\/\/tvtecjundiai.com.br\/news\/wp-content\/uploads\/sites\/2\/2021\/06\/ppa_consulta_publica-10-1200x800.jpg 1200w, https:\/\/tvtecjundiai.com.br\/news\/wp-content\/uploads\/sites\/2\/2021\/06\/ppa_consulta_publica-10-300x200.jpg 300w, https:\/\/tvtecjundiai.com.br\/news\/wp-content\/uploads\/sites\/2\/2021\/06\/ppa_consulta_publica-10-768x512.jpg 768w, https:\/\/tvtecjundiai.com.br\/news\/wp-content\/uploads\/sites\/2\/2021\/06\/ppa_consulta_publica-10.jpg 1280w\" sizes=\"auto, (max-width: 1200px) 100vw, 1200px\" \/><figcaption>Popula\u00e7\u00e3o pode sanar as d\u00favidas sobre a Consulta P\u00fablica em live<\/figcaption><\/figure>\n\n\n\n<p>\u201cA apresenta\u00e7\u00e3o cumpre o papel de esclarecer aos mun\u00edcipes sobre o sistema de planejamento da Prefeitura e como eles podem participar indicando sugest\u00f5es e prioridades para o PPA. \u00c9 o plano de desenvolvimento da cidade para os pr\u00f3ximos 4 anos, que conter\u00e1 as prioridades na sa\u00fade, educa\u00e7\u00e3o, transporte, seguran\u00e7a e outras tantas \u00e1reas\u201d, explica Parimoschi.<\/p>\n\n\n\n<p>O diretor de Planejamento&nbsp; e Governan\u00e7a da UGGF, Fernando Polo, informa que foi preparada uma consulta p\u00fablica composta por dez quest\u00f5es para o mun\u00edcipe responder e indicar suas prioridades para melhorar o seu bairro e a cidade, apontando problemas e solu\u00e7\u00f5es\u201d.<\/p>\n\n\n\n<p>Durante a live ser\u00e1 explicado o passo a passo da Consulta P\u00fablica, que se encerra no dia 9 de julho. \u201cIremos fazer uma simula\u00e7\u00e3o para que n\u00e3o haja d\u00favidas no momento do preenchimento para apontar as demandas\u201d, comenta Fernando Polo. O projeto de lei do PPA deve ser encaminhado at\u00e9 o dia 30 de agosto para o Legislativo.<\/p>\n\n\n\n<p><em>(Texto\/Imagem: Prefeitura de Jundia\u00ed)<\/em><\/p>\n","protected":false},"excerpt":{"rendered":"<p>O sistema de planejamento brasileiro (PPA) est\u00e1 previsto na Constitui\u00e7\u00e3o Federal de 1988<\/p>\n","protected":false},"author":28,"featured_media":77630,"comment_status":"closed","ping_status":"closed","sticky":false,"template":"","format":"standard","meta":{"footnotes":""},"categories":[8356,1],"tags":[],"class_list":["post-77628","post","type-post","status-publish","format-standard","has-post-thumbnail","hentry","category-jundiai","category-noticias"],"_links":{"self":[{"href":"https:\/\/tvtecjundiai.com.br\/news\/wp-json\/wp\/v2\/posts\/77628","targetHints":{"allow":["GET"]}}],"collection":[{"href":"https:\/\/tvtecjundiai.com.br\/news\/wp-json\/wp\/v2\/posts"}],"about":[{"href":"https:\/\/tvtecjundiai.com.br\/news\/wp-json\/wp\/v2\/types\/post"}],"author":[{"embeddable":true,"href":"https:\/\/tvtecjundiai.com.br\/news\/wp-json\/wp\/v2\/users\/28"}],"replies":[{"embeddable":true,"href":"https:\/\/tvtecjundiai.com.br\/news\/wp-json\/wp\/v2\/comments?post=77628"}],"version-history":[{"count":1,"href":"https:\/\/tvtecjundiai.com.br\/news\/wp-json\/wp\/v2\/posts\/77628\/revisions"}],"predecessor-version":[{"id":77631,"href":"https:\/\/tvtecjundiai.com.br\/news\/wp-json\/wp\/v2\/posts\/77628\/revisions\/77631"}],"wp:featuredmedia":[{"embeddable":true,"href":"https:\/\/tvtecjundiai.com.br\/news\/wp-json\/wp\/v2\/media\/77630"}],"wp:attachment":[{"href":"https:\/\/tvtecjundiai.com.br\/news\/wp-json\/wp\/v2\/media?parent=77628"}],"wp:term":[{"taxonomy":"category","embeddable":true,"href":"https:\/\/tvtecjundiai.com.br\/news\/wp-json\/wp\/v2\/categories?post=77628"},{"taxonomy":"post_tag","embeddable":true,"href":"https:\/\/tvtecjundiai.com.br\/news\/wp-json\/wp\/v2\/tags?post=77628"}],"curies":[{"name":"wp","href":"https:\/\/api.w.org\/{rel}","templated":true}]}}