{"id":77651,"date":"2021-06-16T12:21:32","date_gmt":"2021-06-16T15:21:32","guid":{"rendered":"https:\/\/tvtecjundiai.com.br\/news\/?p=77651"},"modified":"2021-06-16T12:21:38","modified_gmt":"2021-06-16T15:21:38","slug":"hospital-sao-vicente-capacita-equipe-de-enfermagem-sobre-prevencao-de-lesoes-por-pressao","status":"publish","type":"post","link":"https:\/\/tvtecjundiai.com.br\/news\/2021\/06\/16\/hospital-sao-vicente-capacita-equipe-de-enfermagem-sobre-prevencao-de-lesoes-por-pressao\/","title":{"rendered":"Hospital S\u00e3o Vicente capacita equipe de enfermagem sobre preven\u00e7\u00e3o de les\u00f5es por press\u00e3o"},"content":{"rendered":"\n<p>Na \u00faltima semana, 37 profissionais da \u00e1rea de enfermagem do Hospital de Caridade S\u00e3o Vicente de Paulo (HSV), participaram de um treinamento promovido pela Universidade Corporativa a fim de aprimorar os conhecimentos e desenvolver as habilidades t\u00e9cnicas para a realiza\u00e7\u00e3o de curativos em les\u00f5es por press\u00e3o. Os ferimentos, mais conhecidos como escaras, aparecem na pele de pacientes que permanecem muito tempo na mesma posi\u00e7\u00e3o, geralmente acamados ou com mobilidade reduzida.<\/p>\n\n\n\n<div class=\"wp-block-image\"><figure class=\"aligncenter size-large\"><img loading=\"lazy\" decoding=\"async\" width=\"1200\" height=\"675\" src=\"https:\/\/tvtecjundiai.com.br\/news\/wp-content\/uploads\/sites\/2\/2021\/06\/TreinamentoSaoVicente-1200x675.jpeg\" alt=\"\" class=\"wp-image-77652\" srcset=\"https:\/\/tvtecjundiai.com.br\/news\/wp-content\/uploads\/sites\/2\/2021\/06\/TreinamentoSaoVicente-1200x675.jpeg 1200w, https:\/\/tvtecjundiai.com.br\/news\/wp-content\/uploads\/sites\/2\/2021\/06\/TreinamentoSaoVicente-300x169.jpeg 300w, https:\/\/tvtecjundiai.com.br\/news\/wp-content\/uploads\/sites\/2\/2021\/06\/TreinamentoSaoVicente-768x432.jpeg 768w, https:\/\/tvtecjundiai.com.br\/news\/wp-content\/uploads\/sites\/2\/2021\/06\/TreinamentoSaoVicente.jpeg 1280w\" sizes=\"auto, (max-width: 1200px) 100vw, 1200px\" \/><\/figure><\/div>\n\n\n\n<p>Realizado no anfiteatro da institui\u00e7\u00e3o, a capacita\u00e7\u00e3o contou com aulas das enfermeiras Aline Coatto e Marli Ramalho, al\u00e9m da estomaterapeuta, Angela Nogueira S. da Silva. O treinamento faz parte de uma s\u00e9rie de a\u00e7\u00f5es voltadas ao desenvolvimento profissional dos colaboradores da unidade hospitalar. \u201cO papel do setor de educa\u00e7\u00e3o \u00e9 important\u00edssimo, pois por meio destes cursos esperamos capacitar o colaborador para as pr\u00e1ticas mais seguras da assist\u00eancia ao paciente\u201d, explica Aline.<\/p>\n\n\n\n<p>Os treinamentos s\u00e3o realizados conforme as demandas de cada departamento, buscando aprimorar de forma pontual, as t\u00e9cnicas aplicadas em cada situa\u00e7\u00e3o. Os pr\u00f3ximos temas abordados ser\u00e3o sobre crise convulsiva, hemorragias digestivas, emerg\u00eancias dial\u00edticas, s\u00edndromes coronarianas e cetoacidose diab\u00e9tica.<\/p>\n\n\n\n<p><em>(Texto\/Imagem: Assessoria de Imprensa)<\/em><\/p>\n","protected":false},"excerpt":{"rendered":"<p>Os ferimentos aparecem na pele de pacientes que permanecem muito tempo na mesma posi\u00e7\u00e3o<\/p>\n","protected":false},"author":28,"featured_media":77652,"comment_status":"closed","ping_status":"closed","sticky":false,"template":"","format":"standard","meta":{"footnotes":""},"categories":[8356,1],"tags":[],"class_list":["post-77651","post","type-post","status-publish","format-standard","has-post-thumbnail","hentry","category-jundiai","category-noticias"],"_links":{"self":[{"href":"https:\/\/tvtecjundiai.com.br\/news\/wp-json\/wp\/v2\/posts\/77651","targetHints":{"allow":["GET"]}}],"collection":[{"href":"https:\/\/tvtecjundiai.com.br\/news\/wp-json\/wp\/v2\/posts"}],"about":[{"href":"https:\/\/tvtecjundiai.com.br\/news\/wp-json\/wp\/v2\/types\/post"}],"author":[{"embeddable":true,"href":"https:\/\/tvtecjundiai.com.br\/news\/wp-json\/wp\/v2\/users\/28"}],"replies":[{"embeddable":true,"href":"https:\/\/tvtecjundiai.com.br\/news\/wp-json\/wp\/v2\/comments?post=77651"}],"version-history":[{"count":1,"href":"https:\/\/tvtecjundiai.com.br\/news\/wp-json\/wp\/v2\/posts\/77651\/revisions"}],"predecessor-version":[{"id":77653,"href":"https:\/\/tvtecjundiai.com.br\/news\/wp-json\/wp\/v2\/posts\/77651\/revisions\/77653"}],"wp:featuredmedia":[{"embeddable":true,"href":"https:\/\/tvtecjundiai.com.br\/news\/wp-json\/wp\/v2\/media\/77652"}],"wp:attachment":[{"href":"https:\/\/tvtecjundiai.com.br\/news\/wp-json\/wp\/v2\/media?parent=77651"}],"wp:term":[{"taxonomy":"category","embeddable":true,"href":"https:\/\/tvtecjundiai.com.br\/news\/wp-json\/wp\/v2\/categories?post=77651"},{"taxonomy":"post_tag","embeddable":true,"href":"https:\/\/tvtecjundiai.com.br\/news\/wp-json\/wp\/v2\/tags?post=77651"}],"curies":[{"name":"wp","href":"https:\/\/api.w.org\/{rel}","templated":true}]}}